{"id":9959,"date":"2014-09-04T01:53:26","date_gmt":"2014-09-04T00:53:26","guid":{"rendered":"http:\/\/www.associationdemarie.org\/blog\/?p=9959"},"modified":"2014-08-14T07:59:05","modified_gmt":"2014-08-14T06:59:05","slug":"desormais-ce-sont-des-hommes-que-tu-prendras","status":"publish","type":"post","link":"https:\/\/www.associationdemarie.org\/blog\/desormais-ce-sont-des-hommes-que-tu-prendras\/","title":{"rendered":"\u00ab D\u00e9sormais ce sont des hommes que tu prendras. \u00bb"},"content":{"rendered":"<p>&nbsp;<\/p>\n<p><a href=\"https:\/\/www.associationdemarie.org\/blog\/wp-content\/uploads\/2014\/08\/Logo-pt-format.jpg\"><img loading=\"lazy\" decoding=\"async\" class=\"alignright  wp-image-9960\" alt=\"Logo pt format\" src=\"https:\/\/www.associationdemarie.org\/blog\/wp-content\/uploads\/2014\/08\/Logo-pt-format.jpg\" width=\"189\" height=\"302\" srcset=\"https:\/\/www.associationdemarie.org\/blog\/wp-content\/uploads\/2014\/08\/Logo-pt-format.jpg 236w, https:\/\/www.associationdemarie.org\/blog\/wp-content\/uploads\/2014\/08\/Logo-pt-format-187x300.jpg 187w\" sizes=\"auto, (max-width: 189px) 100vw, 189px\" \/><\/a>Lorsque le Seigneur, assis dans la barque, dit \u00e0 Pierre : \u00ab Avance en eau profonde, et l\u00e2chez vos filets pour la p\u00eache \u00bb, il lui conseille moins de jeter dans les profondeurs de l&rsquo;eau les instruments de la p\u00eache, que de r\u00e9pandre au fond des c\u0153urs les paroles de la pr\u00e9dication. Cet ab\u00eeme des c\u0153urs, saint Paul l&rsquo;a p\u00e9n\u00e9tr\u00e9 en y lan\u00e7ant la parole : \u00ab Quelle profondeur dans la richesse, la sagesse et la connaissance de Dieu ! \u00bb (Rm 11,33)\u2026 Comme le filet am\u00e8ne dans ses replis vers le navire les poissons qu&rsquo;il a pris, la foi conduit dans son sein, vers le repos, tous les hommes qu&rsquo;elle a rassembl\u00e9s.<\/p>\n<p>Toujours pour faire comprendre que le Seigneur parlait de la p\u00eache spirituelle, Pierre dit : \u00ab Ma\u00eetre, nous avons pein\u00e9 toute une nuit sans rien prendre, mais sur ta parole je vais jeter mes filets \u00bb\u2026 Le Verbe, la Parole de Dieu, c\u2019est le Seigneur notre Sauveur&#8230; Puisque Pierre lance son filet selon le Verbe, il r\u00e9pand partout son \u00e9loquence selon le Christ. Il d\u00e9ploie les filets tiss\u00e9s selon les prescriptions de son ma\u00eetre ; il lance au nom du Seigneur des paroles plus claires et plus efficaces qui permettent de sauver, non pas des cr\u00e9atures sans raison, mais des hommes.<\/p>\n<p>\u00ab Nous avons pein\u00e9 toute la nuit sans rien prendre. \u00bb Oui, Pierre avait bien pein\u00e9 toute la nuit\u2026; lorsque la lumi\u00e8re du Sauveur a brill\u00e9, les t\u00e9n\u00e8bres se sont dissip\u00e9es et sa foi lui a permis de distinguer, au plus profond des eaux, ce que ses yeux ne pouvaient pas voir. Pierre a effectivement souffert de la nuit, jusqu&rsquo;\u00e0 ce que le jour qui est le Christ vienne \u00e0 son secours. C&rsquo;est ce qui fait dire \u00e0 l&rsquo;ap\u00f4tre Paul : \u00ab La nuit est avanc\u00e9e, le jour arrive \u00bb (Rm 13,12).<\/p>\n<p>Saint Maxime de Turin (?-v. 420), \u00e9v\u00eaque<br \/>\n<i>Sermon 39, attrib. (trad. coll. Migne n\u00b065, p. 175)<\/i><\/p>\n<p>&nbsp;<\/p>\n<p>&nbsp;<\/p>\n<p>&nbsp;<\/p>\n","protected":false},"excerpt":{"rendered":"<p>&nbsp; Lorsque le Seigneur, assis dans la barque, dit \u00e0 Pierre : \u00ab Avance en eau profonde, et l\u00e2chez vos filets pour la p\u00eache \u00bb, il lui conseille moins de jeter dans les profondeurs de l&rsquo;eau les instruments de la p\u00eache, que de r\u00e9pandre au fond des c\u0153urs les paroles de la pr\u00e9dication. Cet ab\u00eeme [&hellip;]<\/p>\n","protected":false},"author":2,"featured_media":0,"comment_status":"closed","ping_status":"closed","sticky":false,"template":"","format":"standard","meta":{"footnotes":""},"categories":[3,13,28],"tags":[83,220,322,1382,387,412,1060,1071],"class_list":["post-9959","post","type-post","status-publish","format-standard","hentry","category-liturgique","category-ecritures","category-saints-et-saintes","tag-apotre","tag-christ","tag-duc-in-altum","tag-ecritures","tag-evangelisation","tag-filet","tag-st-maxime","tag-st-pierre"],"_links":{"self":[{"href":"https:\/\/www.associationdemarie.org\/blog\/wp-json\/wp\/v2\/posts\/9959","targetHints":{"allow":["GET"]}}],"collection":[{"href":"https:\/\/www.associationdemarie.org\/blog\/wp-json\/wp\/v2\/posts"}],"about":[{"href":"https:\/\/www.associationdemarie.org\/blog\/wp-json\/wp\/v2\/types\/post"}],"author":[{"embeddable":true,"href":"https:\/\/www.associationdemarie.org\/blog\/wp-json\/wp\/v2\/users\/2"}],"replies":[{"embeddable":true,"href":"https:\/\/www.associationdemarie.org\/blog\/wp-json\/wp\/v2\/comments?post=9959"}],"version-history":[{"count":2,"href":"https:\/\/www.associationdemarie.org\/blog\/wp-json\/wp\/v2\/posts\/9959\/revisions"}],"predecessor-version":[{"id":9962,"href":"https:\/\/www.associationdemarie.org\/blog\/wp-json\/wp\/v2\/posts\/9959\/revisions\/9962"}],"wp:attachment":[{"href":"https:\/\/www.associationdemarie.org\/blog\/wp-json\/wp\/v2\/media?parent=9959"}],"wp:term":[{"taxonomy":"category","embeddable":true,"href":"https:\/\/www.associationdemarie.org\/blog\/wp-json\/wp\/v2\/categories?post=9959"},{"taxonomy":"post_tag","embeddable":true,"href":"https:\/\/www.associationdemarie.org\/blog\/wp-json\/wp\/v2\/tags?post=9959"}],"curies":[{"name":"wp","href":"https:\/\/api.w.org\/{rel}","templated":true}]}}