{"id":9937,"date":"2014-08-29T01:30:16","date_gmt":"2014-08-29T00:30:16","guid":{"rendered":"http:\/\/www.associationdemarie.org\/blog\/?p=9937"},"modified":"2014-08-08T07:32:34","modified_gmt":"2014-08-08T06:32:34","slug":"martyre-de-saint-jean-baptiste-memoire-3","status":"publish","type":"post","link":"https:\/\/www.associationdemarie.org\/blog\/martyre-de-saint-jean-baptiste-memoire-3\/","title":{"rendered":"Martyre de Saint Jean-Baptiste (m\u00e9moire)"},"content":{"rendered":"<div><a href=\"https:\/\/www.associationdemarie.org\/blog\/wp-content\/uploads\/2014\/08\/Martirio_di_San_Giovanni_Battista_BQ.jpg\"><img loading=\"lazy\" decoding=\"async\" class=\"alignleft size-medium wp-image-9938\" alt=\"Martirio_di_San_Giovanni_Battista_BQ\" src=\"https:\/\/www.associationdemarie.org\/blog\/wp-content\/uploads\/2014\/08\/Martirio_di_San_Giovanni_Battista_BQ-228x300.jpg\" width=\"228\" height=\"300\" srcset=\"https:\/\/www.associationdemarie.org\/blog\/wp-content\/uploads\/2014\/08\/Martirio_di_San_Giovanni_Battista_BQ-228x300.jpg 228w, https:\/\/www.associationdemarie.org\/blog\/wp-content\/uploads\/2014\/08\/Martirio_di_San_Giovanni_Battista_BQ.jpg 548w\" sizes=\"auto, (max-width: 228px) 100vw, 228px\" \/><\/a><\/p>\n<table cellspacing=\"0\" cellpadding=\"0\" align=\"left\">\n<tbody>\n<tr>\n<td align=\"left\" valign=\"top\">J<\/td>\n<\/tr>\n<\/tbody>\n<\/table>\n<p>ean-Baptiste, inspir\u00e9 par l&rsquo;Esprit de Dieu, se retira au d\u00e9sert pour mieux conserver son innocence et cultiver les dons extraordinaires dont il avait \u00e9t\u00e9 favoris\u00e9. Il y v\u00e9cut, depuis son enfance jusqu&rsquo;\u00e0 trente ans, dans la p\u00e9nitence, la pri\u00e8re et la contemplation. Sa trenti\u00e8me ann\u00e9e, il parut dans le monde pour y pr\u00eacher la p\u00e9nitence et donner le bapt\u00eame, qui en \u00e9tait le signe, d&rsquo;o\u00f9 lui est venu le nom de Baptiste ou Baptiseur.<\/p><\/div>\n<p>D\u00e9j\u00e0 le Sauveur lui-m\u00eame avait re\u00e7u le bapt\u00eame des mains de Jean-Baptiste, et celui-ci avait rendu \u00e0 l&rsquo;Agneau de Dieu les plus glorieux t\u00e9moignages. La vie du saint Pr\u00e9curseur touchait \u00e0 son terme\u00a0; il ne lui restait plus qu&rsquo;\u00e0 sceller de son sang la divinit\u00e9 de sa mission. H\u00e9rode, gouverneur de la Galil\u00e9e, menait une vie irr\u00e9guli\u00e8re avec H\u00e9rodiade, sa belle-s\u0153ur\u00a0; saint Jean, \u00e0 diff\u00e9rentes reprises, bl\u00e2ma avec force un pareil scandale\u00a0; aussi H\u00e9rodiade cherchait-elle l&rsquo;occasion de se venger.<\/p>\n<p>Depuis trois mois d\u00e9j\u00e0, le courageux d\u00e9fenseur de la vertu \u00e9tait en prison\u00a0; mais cette vengeance ne suffisait pas \u00e0 une femme voluptueuse et cruelle. Un jour qu&rsquo;H\u00e9rode, pour c\u00e9l\u00e9brer l&rsquo;anniversaire de sa naissance, donnait un festin \u00e0 tous les grands de sa cour, Salom\u00e9, fille d&rsquo;H\u00e9rodiade, dansa devant le prince avec tant de gr\u00e2ce, qu&rsquo;H\u00e9rode s&rsquo;engagea par serment \u00e0 lui donner tout ce qu&rsquo;elle demanderait, f\u00fbt-ce la moiti\u00e9 de son royaume. La jeune fille sortit et courut raconter \u00e0 sa m\u00e8re la promesse dont elle venait d&rsquo;\u00eatre l&rsquo;objet\u00a0: \u00ab\u00a0<em>Que dois-je demander\u00a0?<\/em>\u00a0dit-elle \u00e0 H\u00e9rodiade. &#8211;\u00a0<em>Demande la t\u00eate de Jean-Baptiste<\/em>\u00a0\u00bb r\u00e9pond la haineuse femme. Salom\u00e9 vint aussit\u00f4t annoncer \u00e0 H\u00e9rode le choix qu&rsquo;elle avait fait. H\u00e9rode \u00e9tait plus corrompu que cruel\u00a0; il regretta sa promesse, il fut attrist\u00e9 de la demande\u00a0; mais il mit un fatal point d&rsquo;honneur \u00e0 ne pas manquer \u00e0 sa parole devant toute l&rsquo;assistance, et il envoya un garde trancher la t\u00eate de Jean-Baptiste\u00a0; celui-ci vint pr\u00e9senter \u00e0 la princesse, dans un bassin, la t\u00eate du martyr, qu&rsquo;elle alla aussit\u00f4t montrer \u00e0 sa m\u00e8re. Quand cette nouvelle fut annonc\u00e9e \u00e0 J\u00e9sus, qui la connaissait d\u00e9j\u00e0 par sa science divine, il manifesta une profonde douleur.<\/p>\n<p>Le crime ne resta pas impuni, car H\u00e9rode, vaincu par ses ennemis, perdit sa couronne et p\u00e9rit mis\u00e9rablement. La fin d&rsquo;H\u00e9rodiade et de sa fille ne fut pas plus heureuse. Il est \u00e0 remarquer que la plupart de ceux qui ont jou\u00e9 un r\u00f4le odieux, dans l&rsquo;\u00c9vangile, ont subi d\u00e8s cette vie le ch\u00e2timent de leur impi\u00e9t\u00e9 et de leurs crimes.<\/p>\n<p>Abb\u00e9 L. Jaud, Vie des Saints pour tous les jours de l&rsquo;ann\u00e9e, Tours, Mame, 1950.<\/p>\n<p>&nbsp;<\/p>\n<p>&nbsp;<\/p>\n<p>&nbsp;<\/p>\n","protected":false},"excerpt":{"rendered":"<p>J ean-Baptiste, inspir\u00e9 par l&rsquo;Esprit de Dieu, se retira au d\u00e9sert pour mieux conserver son innocence et cultiver les dons extraordinaires dont il avait \u00e9t\u00e9 favoris\u00e9. Il y v\u00e9cut, depuis son enfance jusqu&rsquo;\u00e0 trente ans, dans la p\u00e9nitence, la pri\u00e8re et la contemplation. Sa trenti\u00e8me ann\u00e9e, il parut dans le monde pour y pr\u00eacher la [&hellip;]<\/p>\n","protected":false},"author":2,"featured_media":0,"comment_status":"closed","ping_status":"closed","sticky":false,"template":"","format":"standard","meta":{"footnotes":""},"categories":[3,13,15,28],"tags":[46,474,1383,535,647,1042],"class_list":["post-9937","post","type-post","status-publish","format-standard","hentry","category-liturgique","category-ecritures","category-histoire","category-saints-et-saintes","tag-agneau-de-dieu","tag-herode","tag-histoire","tag-jesus","tag-martyr","tag-st-jean-baptiste"],"_links":{"self":[{"href":"https:\/\/www.associationdemarie.org\/blog\/wp-json\/wp\/v2\/posts\/9937","targetHints":{"allow":["GET"]}}],"collection":[{"href":"https:\/\/www.associationdemarie.org\/blog\/wp-json\/wp\/v2\/posts"}],"about":[{"href":"https:\/\/www.associationdemarie.org\/blog\/wp-json\/wp\/v2\/types\/post"}],"author":[{"embeddable":true,"href":"https:\/\/www.associationdemarie.org\/blog\/wp-json\/wp\/v2\/users\/2"}],"replies":[{"embeddable":true,"href":"https:\/\/www.associationdemarie.org\/blog\/wp-json\/wp\/v2\/comments?post=9937"}],"version-history":[{"count":1,"href":"https:\/\/www.associationdemarie.org\/blog\/wp-json\/wp\/v2\/posts\/9937\/revisions"}],"predecessor-version":[{"id":9939,"href":"https:\/\/www.associationdemarie.org\/blog\/wp-json\/wp\/v2\/posts\/9937\/revisions\/9939"}],"wp:attachment":[{"href":"https:\/\/www.associationdemarie.org\/blog\/wp-json\/wp\/v2\/media?parent=9937"}],"wp:term":[{"taxonomy":"category","embeddable":true,"href":"https:\/\/www.associationdemarie.org\/blog\/wp-json\/wp\/v2\/categories?post=9937"},{"taxonomy":"post_tag","embeddable":true,"href":"https:\/\/www.associationdemarie.org\/blog\/wp-json\/wp\/v2\/tags?post=9937"}],"curies":[{"name":"wp","href":"https:\/\/api.w.org\/{rel}","templated":true}]}}