{"id":9920,"date":"2014-08-26T01:52:13","date_gmt":"2014-08-26T00:52:13","guid":{"rendered":"http:\/\/www.associationdemarie.org\/blog\/?p=9920"},"modified":"2014-08-05T05:59:34","modified_gmt":"2014-08-05T04:59:34","slug":"essentiel","status":"publish","type":"post","link":"https:\/\/www.associationdemarie.org\/blog\/essentiel\/","title":{"rendered":"Essentiel"},"content":{"rendered":"<p><a href=\"https:\/\/www.associationdemarie.org\/blog\/wp-content\/uploads\/2014\/08\/1901981021_10.jpg\"><img loading=\"lazy\" decoding=\"async\" class=\"aligncenter size-full wp-image-9921\" alt=\"1901981021_10\" src=\"https:\/\/www.associationdemarie.org\/blog\/wp-content\/uploads\/2014\/08\/1901981021_10.jpg\" width=\"400\" height=\"246\" srcset=\"https:\/\/www.associationdemarie.org\/blog\/wp-content\/uploads\/2014\/08\/1901981021_10.jpg 400w, https:\/\/www.associationdemarie.org\/blog\/wp-content\/uploads\/2014\/08\/1901981021_10-300x184.jpg 300w\" sizes=\"auto, (max-width: 400px) 100vw, 400px\" \/><\/a><\/p>\n<p>Nous n\u2019avons pas de vertu, pas parce que c\u2019est difficile, mais parce que nous ne voulons pas. Nous n\u2019avons pas de patience, parce que nous ne voulons pas. Nous n\u2019avons pas de temp\u00e9rance, parce que nous ne voulons pas. Nous n\u2019avons pas de chastet\u00e9, pour la m\u00eame raison. Si nous le voulions, nous serions saints, et c\u2019est beaucoup plus difficile d\u2019\u00eatre ing\u00e9nieur que d\u2019\u00eatre saint. Si nous avions la foi !&#8230;<\/p>\n<p>Vie int\u00e9rieure, vie de l\u2019esprit, vie d\u2019oraison : mon Dieu, que \u00e7a doit \u00eatre difficile ! Pas du tout. Enl\u00e8ve de ton c\u0153ur ce qui g\u00eane, et tu y trouveras Dieu. Avec \u00e7a, le travail est fait. Tr\u00e8s souvent nous cherchons ce qu\u2019il n\u2019y a pas, et, par contre, nous passons \u00e0 c\u00f4t\u00e9 d\u2019un tr\u00e9sor que nous ne voyons pas. C\u2019est pareil avec Dieu, que nous cherchons\u2026dans un maquis de choses, qui plus elles sont compliqu\u00e9es, plus elles nous semblent meilleures. Et pourtant, Dieu nous le portons en dedans, et l\u00e0, nous ne le cherchons pas ! Recueille-toi au dedans de toi-m\u00eame ; regarde ton n\u00e9ant ; regarde le n\u00e9ant du monde ; mets-toi au pied d\u2019une croix et, si tu es simple, tu verras Dieu\u2026<\/p>\n<p>Si Dieu n\u2019est pas en notre \u00e2me, c\u2019est parce que nous ne voulons pas. Nous avons un tel amoncellement d\u2019attentions, de distractions, de penchants, de d\u00e9sirs, de vanit\u00e9s, de pr\u00e9somptions, nous avons tellement de monde en nous, que Dieu s\u2019\u00e9loigne. D\u00e8s qu\u2019on le veut, Dieu remplit l\u2019\u00e2me de telle mani\u00e8re qu\u2019il faut \u00eatre aveugle pour ne pas le voir. Une \u00e2me veut-elle vivre selon Dieu ? Qu\u2019elle enl\u00e8ve tout ce qui n\u2019est pas lui, et c\u2019est fait. C\u2019est relativement facile. Si nous le voulions, si nous le demandions \u00e0 Dieu avec simplicit\u00e9, nous ferions de grands progr\u00e8s dans la vie de l\u2019esprit. Si nous le voulions, nous serions des saints, mais nous sommes si b\u00eates que nous ne voulons pas ; nous pr\u00e9f\u00e9rons perdre le temps en des vanit\u00e9s stupides.<\/p>\n<p>Saint Rapha\u00ebl Arnaiz Baron (1911-1938), moine trappiste espagnol<br \/>\n<i>\u00c9crits spirituels, 25\/01\/1937 (trad. Cerf 2008, p. 307)<\/i><\/p>\n<p>&nbsp;<\/p>\n<p>&nbsp;<\/p>\n<p>&nbsp;<\/p>\n<p>&nbsp;<\/p>\n","protected":false},"excerpt":{"rendered":"<p>Nous n\u2019avons pas de vertu, pas parce que c\u2019est difficile, mais parce que nous ne voulons pas. Nous n\u2019avons pas de patience, parce que nous ne voulons pas. Nous n\u2019avons pas de temp\u00e9rance, parce que nous ne voulons pas. Nous n\u2019avons pas de chastet\u00e9, pour la m\u00eame raison. Si nous le voulions, nous serions saints, [&hellip;]<\/p>\n","protected":false},"author":2,"featured_media":0,"comment_status":"closed","ping_status":"closed","sticky":false,"template":"","format":"standard","meta":{"footnotes":""},"categories":[3,1261,26,28],"tags":[57,1215,295,945,986,1075],"class_list":["post-9920","post","type-post","status-publish","format-standard","hentry","category-liturgique","category-enseignement-2","category-priere-des-ames","category-saints-et-saintes","tag-ame","tag-chercheur","tag-dieu","tag-saints","tag-simplicite","tag-st-raphael-arnaiz-baron"],"_links":{"self":[{"href":"https:\/\/www.associationdemarie.org\/blog\/wp-json\/wp\/v2\/posts\/9920","targetHints":{"allow":["GET"]}}],"collection":[{"href":"https:\/\/www.associationdemarie.org\/blog\/wp-json\/wp\/v2\/posts"}],"about":[{"href":"https:\/\/www.associationdemarie.org\/blog\/wp-json\/wp\/v2\/types\/post"}],"author":[{"embeddable":true,"href":"https:\/\/www.associationdemarie.org\/blog\/wp-json\/wp\/v2\/users\/2"}],"replies":[{"embeddable":true,"href":"https:\/\/www.associationdemarie.org\/blog\/wp-json\/wp\/v2\/comments?post=9920"}],"version-history":[{"count":1,"href":"https:\/\/www.associationdemarie.org\/blog\/wp-json\/wp\/v2\/posts\/9920\/revisions"}],"predecessor-version":[{"id":9922,"href":"https:\/\/www.associationdemarie.org\/blog\/wp-json\/wp\/v2\/posts\/9920\/revisions\/9922"}],"wp:attachment":[{"href":"https:\/\/www.associationdemarie.org\/blog\/wp-json\/wp\/v2\/media?parent=9920"}],"wp:term":[{"taxonomy":"category","embeddable":true,"href":"https:\/\/www.associationdemarie.org\/blog\/wp-json\/wp\/v2\/categories?post=9920"},{"taxonomy":"post_tag","embeddable":true,"href":"https:\/\/www.associationdemarie.org\/blog\/wp-json\/wp\/v2\/tags?post=9920"}],"curies":[{"name":"wp","href":"https:\/\/api.w.org\/{rel}","templated":true}]}}