{"id":9834,"date":"2014-08-12T01:04:45","date_gmt":"2014-08-12T00:04:45","guid":{"rendered":"http:\/\/www.associationdemarie.org\/blog\/?p=9834"},"modified":"2014-07-22T07:11:02","modified_gmt":"2014-07-22T06:11:02","slug":"vierge-sainte","status":"publish","type":"post","link":"https:\/\/www.associationdemarie.org\/blog\/vierge-sainte\/","title":{"rendered":"Vierge Sainte"},"content":{"rendered":"<p><a href=\"https:\/\/www.associationdemarie.org\/blog\/wp-content\/uploads\/2014\/07\/pelerin-visagemarie.jpg\"><img loading=\"lazy\" decoding=\"async\" class=\"aligncenter size-full wp-image-9835\" alt=\"pelerin-visagemarie\" src=\"https:\/\/www.associationdemarie.org\/blog\/wp-content\/uploads\/2014\/07\/pelerin-visagemarie.jpg\" width=\"390\" height=\"407\" srcset=\"https:\/\/www.associationdemarie.org\/blog\/wp-content\/uploads\/2014\/07\/pelerin-visagemarie.jpg 390w, https:\/\/www.associationdemarie.org\/blog\/wp-content\/uploads\/2014\/07\/pelerin-visagemarie-287x300.jpg 287w\" sizes=\"auto, (max-width: 390px) 100vw, 390px\" \/><\/a><\/p>\n<p>Vierge sainte, Marie,<br \/>\naucune autre femme n\u00e9e en ce monde<br \/>\nne t&rsquo;est comparable<br \/>\ntu es la fille et la servante<br \/>\ndu Tr\u00e8s-Haut et souverain roi,<br \/>\nle P\u00e8re qui est aux cieux ;<br \/>\ntu es la m\u00e8re du tr\u00e8s saint,<br \/>\nnotre Seigneur J\u00e9sus-Christ;<br \/>\ntu es l&rsquo;\u00e9pouse de l&rsquo;Esprit Saint !<br \/>\nPar ta pri\u00e8re,<br \/>\nentour\u00e9e de l&rsquo;archange saint Michel,<br \/>\net de tous les anges des cieux,<br \/>\net de tous les saints,<br \/>\navive nos pri\u00e8res,<br \/>\ntoi qui es pr\u00e8s de ton saint<br \/>\net bien-aim\u00e9 Fils,<br \/>\nle Seigneur et le Ma\u00eetre.<br \/>\n<img loading=\"lazy\" decoding=\"async\" class=\"alignright  wp-image-9836\" alt=\"coeur-et-fleurs\" src=\"https:\/\/www.associationdemarie.org\/blog\/wp-content\/uploads\/2014\/07\/coeur-et-fleurs-300x300.jpg\" width=\"180\" height=\"180\" srcset=\"https:\/\/www.associationdemarie.org\/blog\/wp-content\/uploads\/2014\/07\/coeur-et-fleurs-300x300.jpg 300w, https:\/\/www.associationdemarie.org\/blog\/wp-content\/uploads\/2014\/07\/coeur-et-fleurs-150x150.jpg 150w, https:\/\/www.associationdemarie.org\/blog\/wp-content\/uploads\/2014\/07\/coeur-et-fleurs-1024x1024.jpg 1024w\" sizes=\"auto, (max-width: 180px) 100vw, 180px\" \/>Gloire au P\u00e8re,<br \/>\net au Fils et \u00e0 l&rsquo;Esprit Saint,<br \/>\ncomme il \u00e9tait au commencement,<br \/>\net maintenant et toujours,<br \/>\net dans les si\u00e8cles des si\u00e8cles.<br \/>\nAmen.<\/p>\n<p><i>Saint Fran\u00e7ois d&rsquo;Assise<\/i><\/p>\n<p>&nbsp;<\/p>\n<p>&nbsp;<\/p>\n<p><span style=\"color: #ffffff;\">.<\/span><\/p>\n","protected":false},"excerpt":{"rendered":"<p>Vierge sainte, Marie, aucune autre femme n\u00e9e en ce monde ne t&rsquo;est comparable tu es la fille et la servante du Tr\u00e8s-Haut et souverain roi, le P\u00e8re qui est aux cieux ; tu es la m\u00e8re du tr\u00e8s saint, notre Seigneur J\u00e9sus-Christ; tu es l&rsquo;\u00e9pouse de l&rsquo;Esprit Saint ! Par ta pri\u00e8re, entour\u00e9e de l&rsquo;archange [&hellip;]<\/p>\n","protected":false},"author":2,"featured_media":0,"comment_status":"closed","ping_status":"closed","sticky":false,"template":"","format":"standard","meta":{"footnotes":""},"categories":[3,14,26,28],"tags":[830,1030,1100,1274],"class_list":["post-9834","post","type-post","status-publish","format-standard","hentry","category-liturgique","category-groupe-prieres","category-priere-des-ames","category-saints-et-saintes","tag-priere","tag-st-francois-dassise","tag-ste-marie","tag-vierge-sainte"],"_links":{"self":[{"href":"https:\/\/www.associationdemarie.org\/blog\/wp-json\/wp\/v2\/posts\/9834","targetHints":{"allow":["GET"]}}],"collection":[{"href":"https:\/\/www.associationdemarie.org\/blog\/wp-json\/wp\/v2\/posts"}],"about":[{"href":"https:\/\/www.associationdemarie.org\/blog\/wp-json\/wp\/v2\/types\/post"}],"author":[{"embeddable":true,"href":"https:\/\/www.associationdemarie.org\/blog\/wp-json\/wp\/v2\/users\/2"}],"replies":[{"embeddable":true,"href":"https:\/\/www.associationdemarie.org\/blog\/wp-json\/wp\/v2\/comments?post=9834"}],"version-history":[{"count":5,"href":"https:\/\/www.associationdemarie.org\/blog\/wp-json\/wp\/v2\/posts\/9834\/revisions"}],"predecessor-version":[{"id":9841,"href":"https:\/\/www.associationdemarie.org\/blog\/wp-json\/wp\/v2\/posts\/9834\/revisions\/9841"}],"wp:attachment":[{"href":"https:\/\/www.associationdemarie.org\/blog\/wp-json\/wp\/v2\/media?parent=9834"}],"wp:term":[{"taxonomy":"category","embeddable":true,"href":"https:\/\/www.associationdemarie.org\/blog\/wp-json\/wp\/v2\/categories?post=9834"},{"taxonomy":"post_tag","embeddable":true,"href":"https:\/\/www.associationdemarie.org\/blog\/wp-json\/wp\/v2\/tags?post=9834"}],"curies":[{"name":"wp","href":"https:\/\/api.w.org\/{rel}","templated":true}]}}