{"id":9789,"date":"2019-03-17T01:50:18","date_gmt":"2019-03-17T00:50:18","guid":{"rendered":"http:\/\/www.associationdemarie.org\/blog\/?p=9789"},"modified":"2019-03-14T17:34:04","modified_gmt":"2019-03-14T16:34:04","slug":"fete-de-la-transfiguration-du-seigneur-3","status":"publish","type":"post","link":"https:\/\/www.associationdemarie.org\/blog\/fete-de-la-transfiguration-du-seigneur-3\/","title":{"rendered":"F\u00eate de la Transfiguration du Seigneur"},"content":{"rendered":"<p>&nbsp;<\/p>\n<p><a href=\"https:\/\/www.associationdemarie.org\/blog\/wp-content\/uploads\/2011\/03\/transfiguration.jpg\"><img loading=\"lazy\" decoding=\"async\" class=\"size-full wp-image-2690 \" src=\"https:\/\/www.associationdemarie.org\/blog\/wp-content\/uploads\/2011\/03\/transfiguration.jpg\" alt=\"\" width=\"463\" height=\"472\" srcset=\"https:\/\/www.associationdemarie.org\/blog\/wp-content\/uploads\/2011\/03\/transfiguration.jpg 463w, https:\/\/www.associationdemarie.org\/blog\/wp-content\/uploads\/2011\/03\/transfiguration-294x300.jpg 294w\" sizes=\"auto, (max-width: 463px) 100vw, 463px\" \/><\/a><\/p>\n<p>Aujourd\u2019hui le Seigneur est vraiment apparu sur la montagne. Aujourd\u2019hui la nature humaine, cr\u00e9\u00e9e autrefois semblable \u00e0 Dieu mais obscurcie par les figures informes des idoles, a \u00e9t\u00e9 transfigur\u00e9e en l\u2019ancienne beaut\u00e9 de l\u2019homme cr\u00e9\u00e9 \u00ab \u00e0 l\u2019image et \u00e0 la ressemblance de Dieu \u00bb (Gn 1,26)\u2026 Aujourd\u2019hui sur la montagne, l\u2019homme, qui \u00e9tait v\u00eatu de tuniques de peau sombres et tristes (Gn 3,21), a endoss\u00e9 le v\u00eatement divin, \u00ab drap\u00e9 de lumi\u00e8re comme d\u2019un manteau \u00bb (Ps 103,2)\u2026<\/p>\n<p>Mo\u00efse contemple de nouveau le feu qui ne consumait pas le buisson (Ex 3,2), mais qui donne la vie \u00e0 toute chair\u2026, et il dit : \u00ab Maintenant je te vois, toi qui es vraiment et pour toujours, toi qui es avec le P\u00e8re et qui m\u2019as dit : \u2018 Je suis Celui qui est \u2019 (v. 14)\u2026 Maintenant je te vois, toi que je d\u00e9sirais voir autrefois en disant : \u2018 Laisse-moi contempler ta gloire \u2019 (Ex 33,18). Je te vois non plus de dos, cach\u00e9 dans le creux du rocher (v. 23), mais je te vois, Dieu plein d\u2019amour pour les hommes, cach\u00e9 dans une forme humaine. Tu ne m\u2019abrites plus de ta droite (v. 22), mais tu es la Droite du Tr\u00e8s-Haut r\u00e9v\u00e9l\u00e9e au monde. Tu es le m\u00e9diateur \u00e0 la fois de l\u2019Ancienne et de la Nouvelle Alliance, Dieu ancien et homme nouveau\u2026<\/p>\n<p>\u00ab Toi qui m\u2019as dit sur le Sina\u00ef : \u2018 Un \u00eatre humain ne peut pas me voir et rester en vie \u2019 (v. 20), comment peut-on te contempler maintenant face \u00e0 face sur la terre, dans la chair ? Comment habites-tu parmi les hommes ? Toi qui es la vie et qui donnes la vie, comment te h\u00e2tes-tu vers la mort ? Toi qui demeures parmi les \u00eatres au plus haut des cieux, comment avances-tu plus bas que les \u00eatres les plus d\u00e9laiss\u00e9s, vers ceux qui sont morts ?&#8230; Car tu veux appara\u00eetre aussi \u00e0 ceux qui se sont endormis depuis des si\u00e8cles, visiter les patriarches dans le s\u00e9jour des morts, descendre d\u00e9livrer Adam de ses douleurs \u00bb\u2026 Car c\u2019est ainsi que \u00ab resplendiront les justes lors de la r\u00e9surrection \u00bb (Mt 13,43) ; c\u2019est ainsi qu\u2019ils seront glorifi\u00e9s, ainsi qu\u2019ils seront transfigur\u00e9s.<\/p>\n<p>Anastase du Sina\u00ef (?-apr\u00e8s 700), moine<br \/>\n<i>Hom\u00e9lie pour la f\u00eate de la Transfiguration<\/i><\/p>\n<p>&nbsp;<\/p>\n<p>&nbsp;<\/p>\n","protected":false},"excerpt":{"rendered":"<p>&nbsp; Aujourd\u2019hui le Seigneur est vraiment apparu sur la montagne. Aujourd\u2019hui la nature humaine, cr\u00e9\u00e9e autrefois semblable \u00e0 Dieu mais obscurcie par les figures informes des idoles, a \u00e9t\u00e9 transfigur\u00e9e en l\u2019ancienne beaut\u00e9 de l\u2019homme cr\u00e9\u00e9 \u00ab \u00e0 l\u2019image et \u00e0 la ressemblance de Dieu \u00bb (Gn 1,26)\u2026 Aujourd\u2019hui sur la montagne, l\u2019homme, qui \u00e9tait [&hellip;]<\/p>\n","protected":false},"author":2,"featured_media":0,"comment_status":"closed","ping_status":"closed","sticky":false,"template":"","format":"standard","meta":{"footnotes":""},"categories":[3,13,28],"tags":[1271,184,1382,683,1149],"class_list":["post-9789","post","type-post","status-publish","format-standard","hentry","category-liturgique","category-ecritures","category-saints-et-saintes","tag-anastase-du-sinai","tag-careme","tag-ecritures","tag-moise","tag-transfiguration"],"_links":{"self":[{"href":"https:\/\/www.associationdemarie.org\/blog\/wp-json\/wp\/v2\/posts\/9789","targetHints":{"allow":["GET"]}}],"collection":[{"href":"https:\/\/www.associationdemarie.org\/blog\/wp-json\/wp\/v2\/posts"}],"about":[{"href":"https:\/\/www.associationdemarie.org\/blog\/wp-json\/wp\/v2\/types\/post"}],"author":[{"embeddable":true,"href":"https:\/\/www.associationdemarie.org\/blog\/wp-json\/wp\/v2\/users\/2"}],"replies":[{"embeddable":true,"href":"https:\/\/www.associationdemarie.org\/blog\/wp-json\/wp\/v2\/comments?post=9789"}],"version-history":[{"count":4,"href":"https:\/\/www.associationdemarie.org\/blog\/wp-json\/wp\/v2\/posts\/9789\/revisions"}],"predecessor-version":[{"id":17274,"href":"https:\/\/www.associationdemarie.org\/blog\/wp-json\/wp\/v2\/posts\/9789\/revisions\/17274"}],"wp:attachment":[{"href":"https:\/\/www.associationdemarie.org\/blog\/wp-json\/wp\/v2\/media?parent=9789"}],"wp:term":[{"taxonomy":"category","embeddable":true,"href":"https:\/\/www.associationdemarie.org\/blog\/wp-json\/wp\/v2\/categories?post=9789"},{"taxonomy":"post_tag","embeddable":true,"href":"https:\/\/www.associationdemarie.org\/blog\/wp-json\/wp\/v2\/tags?post=9789"}],"curies":[{"name":"wp","href":"https:\/\/api.w.org\/{rel}","templated":true}]}}