{"id":9781,"date":"2014-08-04T01:06:23","date_gmt":"2014-08-04T00:06:23","guid":{"rendered":"http:\/\/www.associationdemarie.org\/blog\/?p=9781"},"modified":"2014-07-14T09:19:06","modified_gmt":"2014-07-14T08:19:06","slug":"seigneur-sauve-moi","status":"publish","type":"post","link":"https:\/\/www.associationdemarie.org\/blog\/seigneur-sauve-moi\/","title":{"rendered":"\u00ab Seigneur, sauve-moi ! \u00bb"},"content":{"rendered":"<p><b>\u00c9vangile de J\u00e9sus Christ selon saint Matthieu\u00a0<span dir=\"ltr\">14,22-36.<\/span>\u00a0<\/b><\/p>\n<p><span style=\"color: #ffffff;\">.<\/span><br \/>\n<span>A<\/span>ussit\u00f4t apr\u00e8s avoir nourri la foule dans le d\u00e9sert, J\u00e9sus obligea ses disciples \u00e0 monter dans la barque et \u00e0 le pr\u00e9c\u00e9der sur l&rsquo;autre rive, pendant qu&rsquo;il renverrait les foules.<br \/>\nQuand il les eut renvoy\u00e9es, il se rendit dans la montagne, \u00e0 l&rsquo;\u00e9cart, pour prier. Le soir venu, il \u00e9tait l\u00e0, seul.<br \/>\nLa barque \u00e9tait d\u00e9j\u00e0 \u00e0 une bonne distance de la terre, elle \u00e9tait battue par les vagues, car le vent \u00e9tait contraire.<br \/>\nVers la fin de la nuit, J\u00e9sus vint vers eux en marchant sur la mer.<br \/>\nEn le voyant marcher sur la mer, les disciples furent boulevers\u00e9s. Ils disaient\u00a0: \u00ab\u00a0C&rsquo;est un fant\u00f4me\u00a0\u00bb, et la peur leur fit pousser des cris.<br \/>\nMais aussit\u00f4t J\u00e9sus leur parla\u00a0: \u00ab\u00a0Confiance\u00a0! c&rsquo;est moi\u00a0; n&rsquo;ayez pas peur\u00a0!\u00a0\u00bb<br \/>\nPierre prit alors la parole\u00a0: \u00ab\u00a0Seigneur, si c&rsquo;est bien toi, ordonne-moi de venir vers toi sur l&rsquo;eau.\u00a0\u00bb<br \/>\nJ\u00e9sus lui dit\u00a0: \u00ab\u00a0Viens\u00a0!\u00a0\u00bb Pierre descendit de la barque et marcha sur les eaux pour aller vers J\u00e9sus.<br \/>\nMais, voyant qu&rsquo;il y avait du vent, il eut peur\u00a0; et, comme il commen\u00e7ait \u00e0 enfoncer, il cria\u00a0: \u00ab\u00a0Seigneur, sauve-moi\u00a0!\u00a0\u00bb<br \/>\nAussit\u00f4t J\u00e9sus \u00e9tendit la main, le saisit et lui dit\u00a0: \u00ab\u00a0Homme de peu de foi, pourquoi as-tu dout\u00e9\u00a0?\u00a0\u00bb<br \/>\nEt quand ils furent mont\u00e9s dans la barque, le vent tomba.<br \/>\nAlors ceux qui \u00e9taient dans la barque se prostern\u00e8rent devant lui, et ils lui dirent\u00a0: \u00ab\u00a0Vraiment, tu es le Fils de Dieu\u00a0!\u00a0\u00bb<br \/>\nAyant travers\u00e9 le lac, ils abord\u00e8rent \u00e0 G\u00e9n\u00e9sareth.<br \/>\nLes gens de cet endroit reconnurent J\u00e9sus\u00a0; ils firent avertir toute la r\u00e9gion, et on lui amena tous les malades.<br \/>\nIls le suppliaient de leur laisser seulement toucher la frange de son manteau, et tous ceux qui la touch\u00e8rent furent sauv\u00e9s.<\/p>\n<p style=\"text-align: center;\"><a href=\"https:\/\/www.associationdemarie.org\/blog\/wp-content\/uploads\/2014\/07\/1052779_173185189529007_1681848303_o.jpg\"><img loading=\"lazy\" decoding=\"async\" class=\"wp-image-9782 aligncenter\" alt=\"1052779_173185189529007_1681848303_o\" src=\"https:\/\/www.associationdemarie.org\/blog\/wp-content\/uploads\/2014\/07\/1052779_173185189529007_1681848303_o.jpg\" width=\"471\" height=\"381\" srcset=\"https:\/\/www.associationdemarie.org\/blog\/wp-content\/uploads\/2014\/07\/1052779_173185189529007_1681848303_o.jpg 1486w, https:\/\/www.associationdemarie.org\/blog\/wp-content\/uploads\/2014\/07\/1052779_173185189529007_1681848303_o-300x242.jpg 300w, https:\/\/www.associationdemarie.org\/blog\/wp-content\/uploads\/2014\/07\/1052779_173185189529007_1681848303_o-1024x826.jpg 1024w\" sizes=\"auto, (max-width: 471px) 100vw, 471px\" \/><\/a><\/p>\n<p>Ma ch\u00e8re Meg, je ne peux pas manquer de confiance en Dieu ; pourtant je sens que la peur pourrait bien me submerger. Je me rappellerai que saint Pierre, \u00e0 cause de son peu de foi, commen\u00e7ait \u00e0 s&rsquo;enfoncer sous un coup de vent, et je ferai comme lui\u00a0: j&rsquo;en appellerai au Christ et lui demanderai son secours. Ainsi j&rsquo;esp\u00e8re qu&rsquo;il me tendra la main, me saisira et ne me laissera pas sombrer dans la mer d\u00e9mont\u00e9e.<\/p>\n<p>Et s&rsquo;il permet que je joue le r\u00f4le de Pierre dans sa conduite ult\u00e9rieure, que je tombe tout \u00e0 fait, en jurant et en abjurant (mais que notre Seigneur, dans la tendresse de sa mis\u00e9ricorde, m&rsquo;en pr\u00e9serve, et qu&rsquo;une telle chute me nuise plut\u00f4t que de me rapporter aucun avantage)&#8230;, s&rsquo;il permet que je tombe, j&rsquo;esp\u00e8re pourtant que dans sa bont\u00e9 il jettera sur moi, comme sur Pierre, un regard plein de compassion (cf Lc 22,61) et qu&rsquo;il me rel\u00e8vera pour que je confesse de nouveau la v\u00e9rit\u00e9 et que je lib\u00e8re ma conscience. J&rsquo;esp\u00e8re aussi qu&rsquo;il me fera supporter courageusement le ch\u00e2timent et la honte d&rsquo;un tel reniement.<\/p>\n<p>Bref, ma ch\u00e8re Margot, je suis absolument certain que, sauf p\u00e9ch\u00e9 de ma part, Dieu ne m&rsquo;abandonnera pas. En toute esp\u00e9rance et s\u00e9curit\u00e9, je vais donc me confier totalement en lui&#8230; Donc, ma ch\u00e8re fille, garde un bon moral, ne te laisse troubler par rien de ce qui peut m&rsquo;arriver en ce monde. Rien ne peut arriver sans que Dieu le veuille. Et, j&rsquo;en ai la certitude, tout ce que cela peut \u00eatre, si mauvais que cela nous paraisse, sera vraiment le meilleur.<\/p>\n<p>Saint Thomas More (1478-1535), homme d&rsquo;\u00c9tat anglais, martyr<br \/>\n<i>Lettre \u00e9crite en prison, 1534 (trad. Rogers\/br\u00e9viaire 22\/06 rev.)<\/i><\/p>\n<p>&nbsp;<\/p>\n<p>&nbsp;<\/p>\n<p>&nbsp;<\/p>\n","protected":false},"excerpt":{"rendered":"<p>\u00c9vangile de J\u00e9sus Christ selon saint Matthieu\u00a014,22-36.\u00a0 . Aussit\u00f4t apr\u00e8s avoir nourri la foule dans le d\u00e9sert, J\u00e9sus obligea ses disciples \u00e0 monter dans la barque et \u00e0 le pr\u00e9c\u00e9der sur l&rsquo;autre rive, pendant qu&rsquo;il renverrait les foules. Quand il les eut renvoy\u00e9es, il se rendit dans la montagne, \u00e0 l&rsquo;\u00e9cart, pour prier. Le soir [&hellip;]<\/p>\n","protected":false},"author":2,"featured_media":0,"comment_status":"closed","ping_status":"closed","sticky":false,"template":"","format":"standard","meta":{"footnotes":""},"categories":[3,13,15,28],"tags":[133,375,389,535,1059,1071,1269,1129],"class_list":["post-9781","post","type-post","status-publish","format-standard","hentry","category-liturgique","category-ecritures","category-histoire","category-saints-et-saintes","tag-barque","tag-esperance","tag-evangile","tag-jesus","tag-st-matthieu","tag-st-pierre","tag-st-thomas-more","tag-tempete"],"_links":{"self":[{"href":"https:\/\/www.associationdemarie.org\/blog\/wp-json\/wp\/v2\/posts\/9781","targetHints":{"allow":["GET"]}}],"collection":[{"href":"https:\/\/www.associationdemarie.org\/blog\/wp-json\/wp\/v2\/posts"}],"about":[{"href":"https:\/\/www.associationdemarie.org\/blog\/wp-json\/wp\/v2\/types\/post"}],"author":[{"embeddable":true,"href":"https:\/\/www.associationdemarie.org\/blog\/wp-json\/wp\/v2\/users\/2"}],"replies":[{"embeddable":true,"href":"https:\/\/www.associationdemarie.org\/blog\/wp-json\/wp\/v2\/comments?post=9781"}],"version-history":[{"count":2,"href":"https:\/\/www.associationdemarie.org\/blog\/wp-json\/wp\/v2\/posts\/9781\/revisions"}],"predecessor-version":[{"id":9784,"href":"https:\/\/www.associationdemarie.org\/blog\/wp-json\/wp\/v2\/posts\/9781\/revisions\/9784"}],"wp:attachment":[{"href":"https:\/\/www.associationdemarie.org\/blog\/wp-json\/wp\/v2\/media?parent=9781"}],"wp:term":[{"taxonomy":"category","embeddable":true,"href":"https:\/\/www.associationdemarie.org\/blog\/wp-json\/wp\/v2\/categories?post=9781"},{"taxonomy":"post_tag","embeddable":true,"href":"https:\/\/www.associationdemarie.org\/blog\/wp-json\/wp\/v2\/tags?post=9781"}],"curies":[{"name":"wp","href":"https:\/\/api.w.org\/{rel}","templated":true}]}}