{"id":9755,"date":"2014-07-27T01:12:30","date_gmt":"2014-07-27T00:12:30","guid":{"rendered":"http:\/\/www.associationdemarie.org\/blog\/?p=9755"},"modified":"2014-07-06T10:19:39","modified_gmt":"2014-07-06T09:19:39","slug":"lete-vient-caresser-nos-vies","status":"publish","type":"post","link":"https:\/\/www.associationdemarie.org\/blog\/lete-vient-caresser-nos-vies\/","title":{"rendered":"L&rsquo;\u00e9t\u00e9 vient caresser nos vies"},"content":{"rendered":"<div><span style=\"color: #ffffff;\">.<\/span><\/div>\n<div><a href=\"https:\/\/www.associationdemarie.org\/blog\/wp-content\/uploads\/2014\/07\/28021406.jpg\"><img loading=\"lazy\" decoding=\"async\" class=\"aligncenter  wp-image-9756\" alt=\"28021406\" src=\"https:\/\/www.associationdemarie.org\/blog\/wp-content\/uploads\/2014\/07\/28021406.jpg\" width=\"480\" height=\"394\" srcset=\"https:\/\/www.associationdemarie.org\/blog\/wp-content\/uploads\/2014\/07\/28021406.jpg 600w, https:\/\/www.associationdemarie.org\/blog\/wp-content\/uploads\/2014\/07\/28021406-300x246.jpg 300w\" sizes=\"auto, (max-width: 480px) 100vw, 480px\" \/><\/a><\/div>\n<div><\/div>\n<div><span style=\"color: #ffffff;\">.<\/span><\/div>\n<div>(&#8230;)<\/div>\n<div><i>\u00ab\u00a0Venez \u00e0 l\u2019\u00e9cart dans un endroit d\u00e9sert, et reposez-vous un peu !\u00a0\u00bb \u00a0<\/i>La parole de J\u00e9sus \u00e0 ses disciples \u00e0 leur retour de mission vaut aussi pour nous en ce plein \u00e9t\u00e9. Pour beaucoup, l\u2019ann\u00e9e n\u2019a pas \u00e9t\u00e9 facile. La m\u00e9t\u00e9o, au sens propre et au sens figur\u00e9, a \u00e9t\u00e9 souvent mouvement\u00e9e.<\/div>\n<div>Et les vacances arrivent comme une embellie bienvenue. Besoin de lumi\u00e8re, de soleil, de repos !<\/div>\n<div>L\u2019\u00e9t\u00e9 est un temps heureux pour retraiter l\u2019ann\u00e9e, pour la relire. Et l\u2019accueillir comme ce qu\u2019a \u00e9t\u00e9 de fait notre vie, le lieu, que nous le voulions ou non, de la pr\u00e9sence de Dieu pour nous. Il faut parfois du recul pour le reconna\u00eetre. Comme pour Jacob, \u00e0 Bethel. Il s\u2019\u00e9tait arr\u00eat\u00e9 pour la nuit et fit un songe. Lorsqu\u2019il sortit de son sommeil, il s\u2019\u00e9cria : \u00ab\u00a0En v\u00e9rit\u00e9, le Seigneur est en ce lieu ! Et moi, je ne le savais pas.\u00a0\u00bb<\/div>\n<div>Nous allons au pas de Jacob ! Les disciples d\u2019Emma\u00fcs, eux aussi, n\u2019ont saisi qu\u2019apr\u00e8s la b\u00e9n\u00e9diction et le partage du pain, la pr\u00e9sence du Christ avec eux sur le chemin. Ils marchaient alors les yeux riv\u00e9s \u00e0 terre, fix\u00e9s sur le sol us\u00e9 de leurs d\u00e9sillusions, et ils d\u00e9couvrent que leur c\u0153ur \u00e9tait alors tout br\u00fblant en eux, tandis que J\u00e9sus leur parlait au c\u0153ur et leur expliquait les Ecritures.<\/div>\n<div><b>L\u2019\u00e9t\u00e9 vient caresser nos vies. Une certaine exub\u00e9rance de la nature, une m\u00e9t\u00e9o plus tendre, le rythme des jours qui change, pour nous et autour de nous, nous invitent \u00e0 nous rendre disponibles pour la rencontre : celle des autres, et celle de la parole de Dieu. Car c\u2019est \u00e0 sa lumi\u00e8re que se tamisera en nous ce que fut cette ann\u00e9e. C\u2019est ainsi que se r\u00e9v\u00e8le la pr\u00e9sence de Dieu.<\/b><\/div>\n<div>Les moines aiment dire que la parole de Dieu se rumine. La Parole est en attente de trouver en chacun un espace plus favorable, dans un temps plus long.<\/div>\n<div>Que vivrons-nous ces prochaines semaines ? Que d\u00e9sirons-nous au plus profond ? Ne pourrions-nous le demander \u00e0 Dieu ? Et veiller aux moyens simples de le mettre en \u0153uvre.<\/div>\n<div><\/div>\n<div><i>P. Jacques Nieuviarts, conseiller \u00e9ditorial de \u00ab\u00a0Prions en \u00c9glise\u00a0\u00bb<\/i><\/div>\n<div><\/div>\n<div><\/div>\n<div><\/div>\n","protected":false},"excerpt":{"rendered":"<p>. . (&#8230;) \u00ab\u00a0Venez \u00e0 l\u2019\u00e9cart dans un endroit d\u00e9sert, et reposez-vous un peu !\u00a0\u00bb \u00a0La parole de J\u00e9sus \u00e0 ses disciples \u00e0 leur retour de mission vaut aussi pour nous en ce plein \u00e9t\u00e9. Pour beaucoup, l\u2019ann\u00e9e n\u2019a pas \u00e9t\u00e9 facile. La m\u00e9t\u00e9o, au sens propre et au sens figur\u00e9, a \u00e9t\u00e9 souvent mouvement\u00e9e. [&hellip;]<\/p>\n","protected":false},"author":2,"featured_media":0,"comment_status":"closed","ping_status":"closed","sticky":false,"template":"","format":"standard","meta":{"footnotes":""},"categories":[2,4,16],"tags":[379,770,1268],"class_list":["post-9755","post","type-post","status-publish","format-standard","hentry","category-actualites","category-iconographie","category-jardins-de-la-bible","tag-ete","tag-parole","tag-vacances"],"_links":{"self":[{"href":"https:\/\/www.associationdemarie.org\/blog\/wp-json\/wp\/v2\/posts\/9755","targetHints":{"allow":["GET"]}}],"collection":[{"href":"https:\/\/www.associationdemarie.org\/blog\/wp-json\/wp\/v2\/posts"}],"about":[{"href":"https:\/\/www.associationdemarie.org\/blog\/wp-json\/wp\/v2\/types\/post"}],"author":[{"embeddable":true,"href":"https:\/\/www.associationdemarie.org\/blog\/wp-json\/wp\/v2\/users\/2"}],"replies":[{"embeddable":true,"href":"https:\/\/www.associationdemarie.org\/blog\/wp-json\/wp\/v2\/comments?post=9755"}],"version-history":[{"count":2,"href":"https:\/\/www.associationdemarie.org\/blog\/wp-json\/wp\/v2\/posts\/9755\/revisions"}],"predecessor-version":[{"id":9758,"href":"https:\/\/www.associationdemarie.org\/blog\/wp-json\/wp\/v2\/posts\/9755\/revisions\/9758"}],"wp:attachment":[{"href":"https:\/\/www.associationdemarie.org\/blog\/wp-json\/wp\/v2\/media?parent=9755"}],"wp:term":[{"taxonomy":"category","embeddable":true,"href":"https:\/\/www.associationdemarie.org\/blog\/wp-json\/wp\/v2\/categories?post=9755"},{"taxonomy":"post_tag","embeddable":true,"href":"https:\/\/www.associationdemarie.org\/blog\/wp-json\/wp\/v2\/tags?post=9755"}],"curies":[{"name":"wp","href":"https:\/\/api.w.org\/{rel}","templated":true}]}}