{"id":9740,"date":"2014-07-23T01:03:07","date_gmt":"2014-07-23T00:03:07","guid":{"rendered":"http:\/\/www.associationdemarie.org\/blog\/?p=9740"},"modified":"2014-07-02T07:06:38","modified_gmt":"2014-07-02T06:06:38","slug":"sainte-brigitte-femme-de-priere-pour-leglise-de-son-temps","status":"publish","type":"post","link":"https:\/\/www.associationdemarie.org\/blog\/sainte-brigitte-femme-de-priere-pour-leglise-de-son-temps\/","title":{"rendered":"Sainte Brigitte, femme de pri\u00e8re pour l\u2019\u00c9glise de son temps"},"content":{"rendered":"<p style=\"text-align: center;\"><a href=\"https:\/\/www.associationdemarie.org\/blog\/wp-content\/uploads\/2014\/07\/Santa_Brigida_di_Svezia_H.jpg\"><img loading=\"lazy\" decoding=\"async\" class=\"aligncenter  wp-image-9741\" alt=\"Santa_Brigida_di_Svezia_H\" src=\"https:\/\/www.associationdemarie.org\/blog\/wp-content\/uploads\/2014\/07\/Santa_Brigida_di_Svezia_H.jpg\" width=\"480\" height=\"352\" srcset=\"https:\/\/www.associationdemarie.org\/blog\/wp-content\/uploads\/2014\/07\/Santa_Brigida_di_Svezia_H.jpg 800w, https:\/\/www.associationdemarie.org\/blog\/wp-content\/uploads\/2014\/07\/Santa_Brigida_di_Svezia_H-300x219.jpg 300w\" sizes=\"auto, (max-width: 480px) 100vw, 480px\" \/><\/a><\/p>\n<p>Devenue veuve, Brigitte a commenc\u00e9 la deuxi\u00e8me p\u00e9riode de sa vie. Elle a renonc\u00e9 \u00e0 contracter un autre mariage pour approfondir l\u2019union avec le Seigneur \u00e0 travers la pri\u00e8re, la p\u00e9nitence et les \u0153uvres de charit\u00e9. Les veuves chr\u00e9tiennes peuvent donc trouver elles aussi chez cette sainte un mod\u00e8le \u00e0 suivre. En effet, \u00e0 la mort de son mari, Brigitte, apr\u00e8s avoir distribu\u00e9 ses biens aux pauvres, tout en ne choisissant jamais la cons\u00e9cration religieuse, s\u2019est install\u00e9e au monast\u00e8re cistercien d\u2019Alvastra. C\u2019est l\u00e0 qu\u2019ont commenc\u00e9 les r\u00e9v\u00e9lations divines qui l\u2019ont accompagn\u00e9e pendant tout le reste de sa vie\u2026<\/p>\n<p>En lisant ces r\u00e9v\u00e9lations, nous sommes interpell\u00e9s sur des th\u00e8mes importants. Par exemple, on retrouve fr\u00e9quemment la description, avec des d\u00e9tails tr\u00e8s r\u00e9alistes, de la Passion du Christ, pour laquelle Brigitte a toujours eu une d\u00e9votion privil\u00e9gi\u00e9e, contemplant dans celle-ci l\u2019amour infini de Dieu pour les hommes. Sur les l\u00e8vres du Seigneur qui lui parle, elle place avec audace ces paroles \u00e9mouvantes : \u00ab Mes amis, j\u2019aime si tendrement mes brebis, que, s\u2019il \u00e9tait possible, j\u2019aimerais mieux mourir autant de fois pour chacune d\u2019elles de la mort que j\u2019ai soufferte pour la r\u00e9demption de toutes, que d\u2019en \u00eatre priv\u00e9 \u00bb (1, 59). La maternit\u00e9 douloureuse de Marie, qui a fait d&rsquo;elle la M\u00e9diatrice et la M\u00e8re de mis\u00e9ricorde, est aussi un th\u00e8me qui revient souvent dans les r\u00e9v\u00e9lations.<\/p>\n<p>En recevant ces charismes, Brigitte \u00e9tait consciente d\u2019\u00eatre la destinataire d\u2019un don de grande pr\u00e9dilection de la part du Seigneur : \u00ab Vous, ma fille, que j&rsquo;ai choisie pour moi&#8230;, aimez-moi de tout votre c\u0153ur&#8230;, mais plus que tout ce qui est au monde \u00bb (1, 1). Du reste, Brigitte savait bien, et elle en \u00e9tait fermement convaincue, que chaque charisme est destin\u00e9 \u00e0 \u00e9difier l\u2019\u00c9glise. C\u2019est pr\u00e9cis\u00e9ment pour ce motif qu\u2019un grand nombre de ses r\u00e9v\u00e9lations \u00e9taient adress\u00e9es, sous formes d\u2019avertissements parfois s\u00e9v\u00e8res, aux croyants de son temps, y compris les autorit\u00e9s politiques et religieuses, pour qu\u2019elles vivent de fa\u00e7on coh\u00e9rente leur vie chr\u00e9tienne. Mais elle faisait toujours cela avec une attitude de respect et en pleine fid\u00e9lit\u00e9 au magist\u00e8re de l\u2019\u00c9glise, en particulier au successeur de l\u2019ap\u00f4tre Pierre.<\/p>\n<p>Beno\u00eet XVI, pape de 2005 \u00e0 2013<br \/>\n<i>Audience g\u00e9n\u00e9rale du 27\/10\/2010 (trad. \u00a9 copyright Libreria Editrice Vaticana)<\/i><\/p>\n<p>&nbsp;<\/p>\n<p>&nbsp;<\/p>\n<p>&nbsp;<\/p>\n","protected":false},"excerpt":{"rendered":"<p>Devenue veuve, Brigitte a commenc\u00e9 la deuxi\u00e8me p\u00e9riode de sa vie. Elle a renonc\u00e9 \u00e0 contracter un autre mariage pour approfondir l\u2019union avec le Seigneur \u00e0 travers la pri\u00e8re, la p\u00e9nitence et les \u0153uvres de charit\u00e9. Les veuves chr\u00e9tiennes peuvent donc trouver elles aussi chez cette sainte un mod\u00e8le \u00e0 suivre. En effet, \u00e0 la [&hellip;]<\/p>\n","protected":false},"author":2,"featured_media":0,"comment_status":"closed","ping_status":"closed","sticky":false,"template":"","format":"standard","meta":{"footnotes":""},"categories":[3,15,28],"tags":[142,336,777,1071,1088],"class_list":["post-9740","post","type-post","status-publish","format-standard","hentry","category-liturgique","category-histoire","category-saints-et-saintes","tag-benoit-16","tag-eglise","tag-passion","tag-st-pierre","tag-ste-brigitte"],"_links":{"self":[{"href":"https:\/\/www.associationdemarie.org\/blog\/wp-json\/wp\/v2\/posts\/9740","targetHints":{"allow":["GET"]}}],"collection":[{"href":"https:\/\/www.associationdemarie.org\/blog\/wp-json\/wp\/v2\/posts"}],"about":[{"href":"https:\/\/www.associationdemarie.org\/blog\/wp-json\/wp\/v2\/types\/post"}],"author":[{"embeddable":true,"href":"https:\/\/www.associationdemarie.org\/blog\/wp-json\/wp\/v2\/users\/2"}],"replies":[{"embeddable":true,"href":"https:\/\/www.associationdemarie.org\/blog\/wp-json\/wp\/v2\/comments?post=9740"}],"version-history":[{"count":1,"href":"https:\/\/www.associationdemarie.org\/blog\/wp-json\/wp\/v2\/posts\/9740\/revisions"}],"predecessor-version":[{"id":9742,"href":"https:\/\/www.associationdemarie.org\/blog\/wp-json\/wp\/v2\/posts\/9740\/revisions\/9742"}],"wp:attachment":[{"href":"https:\/\/www.associationdemarie.org\/blog\/wp-json\/wp\/v2\/media?parent=9740"}],"wp:term":[{"taxonomy":"category","embeddable":true,"href":"https:\/\/www.associationdemarie.org\/blog\/wp-json\/wp\/v2\/categories?post=9740"},{"taxonomy":"post_tag","embeddable":true,"href":"https:\/\/www.associationdemarie.org\/blog\/wp-json\/wp\/v2\/tags?post=9740"}],"curies":[{"name":"wp","href":"https:\/\/api.w.org\/{rel}","templated":true}]}}