{"id":9726,"date":"2014-07-20T01:24:36","date_gmt":"2014-07-20T00:24:36","guid":{"rendered":"http:\/\/www.associationdemarie.org\/blog\/?p=9726"},"modified":"2014-06-29T07:29:41","modified_gmt":"2014-06-29T06:29:41","slug":"jusqua-ce-que-toute-la-pate-ait-leve","status":"publish","type":"post","link":"https:\/\/www.associationdemarie.org\/blog\/jusqua-ce-que-toute-la-pate-ait-leve\/","title":{"rendered":"\u00ab Jusqu\u2019\u00e0 ce que toute la p\u00e2te ait lev\u00e9. \u00bb"},"content":{"rendered":"<p><a href=\"https:\/\/www.associationdemarie.org\/blog\/wp-content\/uploads\/2014\/06\/261902.jpg\"><img loading=\"lazy\" decoding=\"async\" class=\"alignright size-full wp-image-9727\" alt=\"261902\" src=\"https:\/\/www.associationdemarie.org\/blog\/wp-content\/uploads\/2014\/06\/261902.jpg\" width=\"180\" height=\"163\" \/><\/a>Si quelqu\u2019un p\u00e9trit de la farine sans y m\u00ealer du levain, il aura beau s\u2019y appliquer, la malaxer et la travailler, la p\u00e2te ne l\u00e8vera pas et ne pourra pas servir d\u2019aliment. Mais quand on y a m\u00e9lang\u00e9 du levain, celui-ci tire \u00e0 lui toute la p\u00e2te et la fait lever toute enti\u00e8re, comme dans la comparaison que le Seigneur a appliqu\u00e9e au Royaume\u2026 Il en est de m\u00eame pour la viande : quelque soin qu\u2019on en prenne, si on n\u00e9glige d\u2019y mettre du sel pour la conserver\u2026, elle sentira mauvais et deviendra impropre \u00e0 la consommation. D\u2019une mani\u00e8re semblable, repr\u00e9sente-toi l\u2019humanit\u00e9 enti\u00e8re comme de la viande ou de la p\u00e2te, et pense que la nature divine du Saint Esprit est le sel et le levain qui viennent d\u2019un autre monde. Si le levain c\u00e9leste de l\u2019Esprit et le sel bon de la nature divine\u2026ne sont pas introduits dans la nature humaine humili\u00e9e et m\u00eal\u00e9s \u00e0 elle, l\u2019\u00e2me ne perdra jamais la mauvaise odeur du p\u00e9ch\u00e9 et elle ne l\u00e8vera pas en perdant la lourdeur et le d\u00e9faut du \u00ab levain de la m\u00e9chancet\u00e9 \u00bb (1Co 5,7)\u2026<\/p>\n<p>Si l\u2019\u00e2me s\u2019appuie seulement sur sa propre force et se croit capable d\u2019obtenir par elle-m\u00eame la r\u00e9ussite compl\u00e8te sans l\u2019aide de l\u2019Esprit, elle se trompe grandement ; elle n\u2019est pas faite pour les demeures du ciel, pas faite pour le Royaume\u2026 Si l\u2019homme p\u00e9cheur ne s\u2019approche pas de Dieu, ne renonce pas au monde, n\u2019attend pas dans l\u2019esp\u00e9rance et la patience un bien \u00e9tranger \u00e0 sa propre nature, c\u2019est-\u00e0-dire la force du Saint Esprit, si le Seigneur n\u2019instille pas d\u2019en haut sa propre vie divine en cette \u00e2me, cet homme ne go\u00fbtera jamais la vraie vie\u2026\u00a0\u00a0Par contre, s\u2019il a re\u00e7u la gr\u00e2ce de l\u2019Esprit, s\u2019il ne s\u2019en d\u00e9tourne pas, s\u2019il ne l\u2019offense pas par sa n\u00e9gligence et ses mauvaises actions, si, pers\u00e9v\u00e9rant longtemps ainsi dans le combat, il \u00ab n\u2019attriste pas l\u2019Esprit \u00bb (Ep 4,30), il aura le bonheur d\u2019obtenir la vie \u00e9ternelle.<\/p>\n<p>Hom\u00e9lie attribu\u00e9e \u00e0 saint Macaire d&rsquo;\u00c9gypte (?-390), moine<br \/>\n<i>N\u00b024, 4 ; PG 34, 662 (trad. cf coll. Spi. Or. 40, Bellefontaine, p. 239 et Matthieu comment\u00e9, coll. P\u00e8res dans la foi, p. 95)<\/i><\/p>\n<p>&nbsp;<\/p>\n<p>&nbsp;<\/p>\n<p>&nbsp;<\/p>\n","protected":false},"excerpt":{"rendered":"<p>Si quelqu\u2019un p\u00e9trit de la farine sans y m\u00ealer du levain, il aura beau s\u2019y appliquer, la malaxer et la travailler, la p\u00e2te ne l\u00e8vera pas et ne pourra pas servir d\u2019aliment. Mais quand on y a m\u00e9lang\u00e9 du levain, celui-ci tire \u00e0 lui toute la p\u00e2te et la fait lever toute enti\u00e8re, comme dans [&hellip;]<\/p>\n","protected":false},"author":2,"featured_media":0,"comment_status":"closed","ping_status":"closed","sticky":false,"template":"","format":"standard","meta":{"footnotes":""},"categories":[3,13,28],"tags":[1382,378,579,1265,969,1056],"class_list":["post-9726","post","type-post","status-publish","format-standard","hentry","category-liturgique","category-ecritures","category-saints-et-saintes","tag-ecritures","tag-esprit-saint","tag-levain","tag-pate","tag-sel","tag-st-macaire-degypte"],"_links":{"self":[{"href":"https:\/\/www.associationdemarie.org\/blog\/wp-json\/wp\/v2\/posts\/9726","targetHints":{"allow":["GET"]}}],"collection":[{"href":"https:\/\/www.associationdemarie.org\/blog\/wp-json\/wp\/v2\/posts"}],"about":[{"href":"https:\/\/www.associationdemarie.org\/blog\/wp-json\/wp\/v2\/types\/post"}],"author":[{"embeddable":true,"href":"https:\/\/www.associationdemarie.org\/blog\/wp-json\/wp\/v2\/users\/2"}],"replies":[{"embeddable":true,"href":"https:\/\/www.associationdemarie.org\/blog\/wp-json\/wp\/v2\/comments?post=9726"}],"version-history":[{"count":1,"href":"https:\/\/www.associationdemarie.org\/blog\/wp-json\/wp\/v2\/posts\/9726\/revisions"}],"predecessor-version":[{"id":9728,"href":"https:\/\/www.associationdemarie.org\/blog\/wp-json\/wp\/v2\/posts\/9726\/revisions\/9728"}],"wp:attachment":[{"href":"https:\/\/www.associationdemarie.org\/blog\/wp-json\/wp\/v2\/media?parent=9726"}],"wp:term":[{"taxonomy":"category","embeddable":true,"href":"https:\/\/www.associationdemarie.org\/blog\/wp-json\/wp\/v2\/categories?post=9726"},{"taxonomy":"post_tag","embeddable":true,"href":"https:\/\/www.associationdemarie.org\/blog\/wp-json\/wp\/v2\/tags?post=9726"}],"curies":[{"name":"wp","href":"https:\/\/api.w.org\/{rel}","templated":true}]}}