{"id":9722,"date":"2014-07-19T01:47:38","date_gmt":"2014-07-19T00:47:38","guid":{"rendered":"http:\/\/www.associationdemarie.org\/blog\/?p=9722"},"modified":"2014-06-28T05:53:29","modified_gmt":"2014-06-28T04:53:29","slug":"petit-traite-sur-la-priere","status":"publish","type":"post","link":"https:\/\/www.associationdemarie.org\/blog\/petit-traite-sur-la-priere\/","title":{"rendered":"Petit trait\u00e9 sur la pri\u00e8re"},"content":{"rendered":"<div><span style=\"color: #ffffff;\">.<\/span><\/div>\n<div><a href=\"https:\/\/www.associationdemarie.org\/blog\/wp-content\/uploads\/2014\/06\/2599658436.jpg\"><img loading=\"lazy\" decoding=\"async\" class=\"aligncenter size-full wp-image-9723\" alt=\"2599658436\" src=\"https:\/\/www.associationdemarie.org\/blog\/wp-content\/uploads\/2014\/06\/2599658436.jpg\" width=\"500\" height=\"312\" srcset=\"https:\/\/www.associationdemarie.org\/blog\/wp-content\/uploads\/2014\/06\/2599658436.jpg 500w, https:\/\/www.associationdemarie.org\/blog\/wp-content\/uploads\/2014\/06\/2599658436-300x187.jpg 300w\" sizes=\"auto, (max-width: 500px) 100vw, 500px\" \/><\/a><\/div>\n<div><span style=\"color: #ffffff;\">.<\/span><\/div>\n<div>Personne ne pourra obtenir quoi que ce soit par la pri\u00e8re s\u2019il ne prie pas avec de bonnes dispositions et une foi droite\u2026<\/div>\n<div><b>Il ne s\u2019agit pas de parler beaucoup\u2026 ; il s\u2019agit de ne pas venir \u00e0 la pri\u00e8re avec une \u00e2me troubl\u00e9e par des ressentiments.<\/b><\/div>\n<div>On n\u2019imagine pas que quelqu\u2019un vienne \u00e0 l\u2019oraison sans pr\u00e9parer son coeur ; on n\u2019imagine pas non plus que celui qui prie puisse obtenir le pardon de ses p\u00e9ch\u00e9s s\u2019il n\u2019a pas d\u2019abord pardonn\u00e9 de tout son coeur \u00e0 son fr\u00e8re qui lui demande pardon\u2026<\/div>\n<div>En premier lieu donc, celui qui se dispose \u00e0 prier aura grand avantage \u00e0 adopter une attitude qui l\u2019aide \u00e0 se mettre en pr\u00e9sence de Dieu et qui l\u2019aide \u00e0 lui parler comme \u00e0 quelqu\u2019un qui le voit et lui est pr\u00e9sent. Certaines images ou certains souvenirs d\u2019\u00e9v\u00e9nements pass\u00e9s encombrent l\u2019esprit qui se laisse envahir par eux ; ainsi il est utile de se souvenir que Dieu est l\u00e0 et qu\u2019il conna\u00eet les mouvements les plus secrets de notre \u00e2me. Elle se dispose alors \u00e0 plaire \u00e0 celui qui est pr\u00e9sent, qui la voit et pr\u00e9vient toutes ses pens\u00e9es, \u00e0 celui qui scrute les coeurs et sonde les reins (cf. Ps 7,10)\u2026<\/div>\n<div>Comme le disent les Saintes \u00c9critures, il faut que celui qui prie \u00e9l\u00e8ve des mains pures, qu\u2019il pardonne \u00e0 chacun de ceux qui l\u2019ont offens\u00e9, rejette tout ce qui trouble son \u00e2me et ne s\u2019irrite contre personne\u2026 Qui peut douter que cet \u00e9tat d\u2019\u00e2me soit le plus favorable ? Paul l\u2019enseigne lorsqu\u2019il dit dans sa premi\u00e8re lettre \u00e0 Timoth\u00e9e :<i>\u00a0\u00ab Je veux que les hommes prient en tout lieu, \u00e9levant des mains pures, sans ressentiment ni contestation \u00bb<\/i>\u00a0( 1 Tm 2,8).<\/div>\n<div>\u00a0<span style=\"color: #ffffff;\">.<\/span><\/div>\n<div><i>Orig\u00e8ne (vers 185-253)<\/i><\/div>\n<div><i>Petit trait\u00e9 sur la pri\u00e8re<\/i><\/div>\n<div><i>ma pri\u00e8re 2014\u00a0world press<\/i><\/div>\n<div><\/div>\n<div><\/div>\n<div><span style=\"color: #ffffff;\">.<\/span><\/div>\n<div><\/div>\n<div><\/div>\n","protected":false},"excerpt":{"rendered":"<p>. . Personne ne pourra obtenir quoi que ce soit par la pri\u00e8re s\u2019il ne prie pas avec de bonnes dispositions et une foi droite\u2026 Il ne s\u2019agit pas de parler beaucoup\u2026 ; il s\u2019agit de ne pas venir \u00e0 la pri\u00e8re avec une \u00e2me troubl\u00e9e par des ressentiments. On n\u2019imagine pas que quelqu\u2019un vienne [&hellip;]<\/p>\n","protected":false},"author":2,"featured_media":0,"comment_status":"closed","ping_status":"closed","sticky":false,"template":"","format":"standard","meta":{"footnotes":""},"categories":[1261,14,28],"tags":[742,830],"class_list":["post-9722","post","type-post","status-publish","format-standard","hentry","category-enseignement-2","category-groupe-prieres","category-saints-et-saintes","tag-origene","tag-priere"],"_links":{"self":[{"href":"https:\/\/www.associationdemarie.org\/blog\/wp-json\/wp\/v2\/posts\/9722","targetHints":{"allow":["GET"]}}],"collection":[{"href":"https:\/\/www.associationdemarie.org\/blog\/wp-json\/wp\/v2\/posts"}],"about":[{"href":"https:\/\/www.associationdemarie.org\/blog\/wp-json\/wp\/v2\/types\/post"}],"author":[{"embeddable":true,"href":"https:\/\/www.associationdemarie.org\/blog\/wp-json\/wp\/v2\/users\/2"}],"replies":[{"embeddable":true,"href":"https:\/\/www.associationdemarie.org\/blog\/wp-json\/wp\/v2\/comments?post=9722"}],"version-history":[{"count":2,"href":"https:\/\/www.associationdemarie.org\/blog\/wp-json\/wp\/v2\/posts\/9722\/revisions"}],"predecessor-version":[{"id":9725,"href":"https:\/\/www.associationdemarie.org\/blog\/wp-json\/wp\/v2\/posts\/9722\/revisions\/9725"}],"wp:attachment":[{"href":"https:\/\/www.associationdemarie.org\/blog\/wp-json\/wp\/v2\/media?parent=9722"}],"wp:term":[{"taxonomy":"category","embeddable":true,"href":"https:\/\/www.associationdemarie.org\/blog\/wp-json\/wp\/v2\/categories?post=9722"},{"taxonomy":"post_tag","embeddable":true,"href":"https:\/\/www.associationdemarie.org\/blog\/wp-json\/wp\/v2\/tags?post=9722"}],"curies":[{"name":"wp","href":"https:\/\/api.w.org\/{rel}","templated":true}]}}