{"id":9719,"date":"2017-07-21T01:21:13","date_gmt":"2017-07-21T00:21:13","guid":{"rendered":"http:\/\/www.associationdemarie.org\/blog\/?p=9719"},"modified":"2017-07-06T06:18:01","modified_gmt":"2017-07-06T05:18:01","slug":"le-fils-de-lhomme-est-maitre-du-sabbat-3","status":"publish","type":"post","link":"https:\/\/www.associationdemarie.org\/blog\/le-fils-de-lhomme-est-maitre-du-sabbat-3\/","title":{"rendered":"\u00ab Le Fils de l&rsquo;homme est ma\u00eetre du sabbat. \u00bb"},"content":{"rendered":"<p><a href=\"https:\/\/www.associationdemarie.org\/blog\/wp-content\/uploads\/2014\/06\/XHe2wbPGjKuoGKMo6q62CRRjsDE.jpg\"><img loading=\"lazy\" decoding=\"async\" class=\"aligncenter size-medium wp-image-9720\" src=\"https:\/\/www.associationdemarie.org\/blog\/wp-content\/uploads\/2014\/06\/XHe2wbPGjKuoGKMo6q62CRRjsDE-300x199.jpg\" alt=\"XHe2wbPGjKuoGKMo6q62CRRjsDE\" width=\"300\" height=\"199\" srcset=\"https:\/\/www.associationdemarie.org\/blog\/wp-content\/uploads\/2014\/06\/XHe2wbPGjKuoGKMo6q62CRRjsDE-300x199.jpg 300w, https:\/\/www.associationdemarie.org\/blog\/wp-content\/uploads\/2014\/06\/XHe2wbPGjKuoGKMo6q62CRRjsDE-1024x681.jpg 1024w, https:\/\/www.associationdemarie.org\/blog\/wp-content\/uploads\/2014\/06\/XHe2wbPGjKuoGKMo6q62CRRjsDE.jpg 1500w\" sizes=\"auto, (max-width: 300px) 100vw, 300px\" \/><\/a><\/p>\n<p>Nous ne voyons pas que les paroles de la Gen\u00e8se : \u00ab Au jour du sabbat Dieu s\u2019est repos\u00e9 de ses \u0153uvres \u00bb se soient r\u00e9alis\u00e9es en ce septi\u00e8me jour de la cr\u00e9ation, ni m\u00eame qu&rsquo;elles se r\u00e9alisent aujourd&rsquo;hui. Nous voyons toujours Dieu au travail. Il n&rsquo;y a pas de sabbat o\u00f9 Dieu cesse de travailler, pas de jour o\u00f9 il ne \u00ab fasse se lever son soleil sur les bons et sur les m\u00e9chants et tomber la pluie sur les justes et sur les injustes \u00bb, o\u00f9 \u00ab il ne fasse pousser l&rsquo;herbe sur les montagnes et les plantes au service des hommes \u00bb\u2026, o\u00f9 \u00ab il ne fasse mourir et vivre. \u00bb<\/p>\n<p>Ainsi, le Seigneur r\u00e9pond \u00e0 ceux qui l&rsquo;accusaient de travailler et de gu\u00e9rir le jour du sabbat : \u00ab Mon P\u00e8re travaille jusqu&rsquo;\u00e0 maintenant, et moi aussi je travaille. \u00bb Il montrait par l\u00e0 que, durant le temps de ce monde, il n&rsquo;y a pas de sabbat o\u00f9 Dieu se repose de veiller \u00e0 la marche du monde et aux destin\u00e9es du genre humain\u2026 Dans sa sagesse de Cr\u00e9ateur il ne cesse d\u2019exercer sur ses cr\u00e9atures sa providence et sa bienveillance \u00ab jusqu\u2019\u00e0 la fin du monde \u00bb. Donc le vrai sabbat o\u00f9 Dieu se reposera de tous ses travaux sera le monde futur, quand \u00ab douleur, tristesse et g\u00e9missements s&rsquo;enfuiront \u00bb, et que Dieu sera \u00ab tout en tous \u00bb.<\/p>\n<p>(R\u00e9f\u00e9rences bibliques : Gn 2,2; Mt 5,45; Ps 146,8; 1Sm 2,6; Jn 5,17; Mt 28,20; Is 35,10 LXX; Col 3,11)<\/p>\n<p>Orig\u00e8ne (v. 185-253), pr\u00eatre et th\u00e9ologien<br \/>\n<i>Hom\u00e9lies sur les Nombres, n\u00b023 (trad. SC 29, p. 444)<\/i><\/p>\n<p>&nbsp;<\/p>\n<p>&nbsp;<\/p>\n<p>&nbsp;<\/p>\n","protected":false},"excerpt":{"rendered":"<p>Nous ne voyons pas que les paroles de la Gen\u00e8se : \u00ab Au jour du sabbat Dieu s\u2019est repos\u00e9 de ses \u0153uvres \u00bb se soient r\u00e9alis\u00e9es en ce septi\u00e8me jour de la cr\u00e9ation, ni m\u00eame qu&rsquo;elles se r\u00e9alisent aujourd&rsquo;hui. Nous voyons toujours Dieu au travail. Il n&rsquo;y a pas de sabbat o\u00f9 Dieu cesse de [&hellip;]<\/p>\n","protected":false},"author":2,"featured_media":0,"comment_status":"closed","ping_status":"closed","sticky":false,"template":"","format":"standard","meta":{"footnotes":""},"categories":[3,13,16],"tags":[1382,448,742,911],"class_list":["post-9719","post","type-post","status-publish","format-standard","hentry","category-liturgique","category-ecritures","category-jardins-de-la-bible","tag-ecritures","tag-genese","tag-origene","tag-sabbat"],"_links":{"self":[{"href":"https:\/\/www.associationdemarie.org\/blog\/wp-json\/wp\/v2\/posts\/9719","targetHints":{"allow":["GET"]}}],"collection":[{"href":"https:\/\/www.associationdemarie.org\/blog\/wp-json\/wp\/v2\/posts"}],"about":[{"href":"https:\/\/www.associationdemarie.org\/blog\/wp-json\/wp\/v2\/types\/post"}],"author":[{"embeddable":true,"href":"https:\/\/www.associationdemarie.org\/blog\/wp-json\/wp\/v2\/users\/2"}],"replies":[{"embeddable":true,"href":"https:\/\/www.associationdemarie.org\/blog\/wp-json\/wp\/v2\/comments?post=9719"}],"version-history":[{"count":2,"href":"https:\/\/www.associationdemarie.org\/blog\/wp-json\/wp\/v2\/posts\/9719\/revisions"}],"predecessor-version":[{"id":15089,"href":"https:\/\/www.associationdemarie.org\/blog\/wp-json\/wp\/v2\/posts\/9719\/revisions\/15089"}],"wp:attachment":[{"href":"https:\/\/www.associationdemarie.org\/blog\/wp-json\/wp\/v2\/media?parent=9719"}],"wp:term":[{"taxonomy":"category","embeddable":true,"href":"https:\/\/www.associationdemarie.org\/blog\/wp-json\/wp\/v2\/categories?post=9719"},{"taxonomy":"post_tag","embeddable":true,"href":"https:\/\/www.associationdemarie.org\/blog\/wp-json\/wp\/v2\/tags?post=9719"}],"curies":[{"name":"wp","href":"https:\/\/api.w.org\/{rel}","templated":true}]}}