{"id":9697,"date":"2014-07-13T01:34:39","date_gmt":"2014-07-13T00:34:39","guid":{"rendered":"http:\/\/www.associationdemarie.org\/blog\/?p=9697"},"modified":"2014-06-21T23:42:54","modified_gmt":"2014-06-21T22:42:54","slug":"evangile-de-jesus-christ-selon-saint-matthieu-131-23","status":"publish","type":"post","link":"https:\/\/www.associationdemarie.org\/blog\/evangile-de-jesus-christ-selon-saint-matthieu-131-23\/","title":{"rendered":"\u00c9vangile de J\u00e9sus Christ selon saint Matthieu 13,1-23."},"content":{"rendered":"<p><a href=\"https:\/\/www.associationdemarie.org\/blog\/wp-content\/uploads\/2014\/06\/Semeur.jpg\"><img loading=\"lazy\" decoding=\"async\" class=\"aligncenter size-full wp-image-9698\" alt=\"Semeur\" src=\"https:\/\/www.associationdemarie.org\/blog\/wp-content\/uploads\/2014\/06\/Semeur.jpg\" width=\"300\" height=\"383\" srcset=\"https:\/\/www.associationdemarie.org\/blog\/wp-content\/uploads\/2014\/06\/Semeur.jpg 300w, https:\/\/www.associationdemarie.org\/blog\/wp-content\/uploads\/2014\/06\/Semeur-234x300.jpg 234w\" sizes=\"auto, (max-width: 300px) 100vw, 300px\" \/><\/a><\/p>\n<p><span>C<\/span>e jour-l\u00e0, J\u00e9sus \u00e9tait sorti de la maison, et il \u00e9tait assis au bord du lac.<br \/>\nUne foule immense se rassembla aupr\u00e8s de lui, si bien qu&rsquo;il monta dans une barque o\u00f9 il s&rsquo;assit\u00a0; toute la foule se tenait sur le rivage.<br \/>\nIl leur dit beaucoup de choses en paraboles\u00a0: \u00ab\u00a0Voici que le semeur est sorti pour semer.<br \/>\nComme il semait, des grains sont tomb\u00e9s au bord du chemin, et les oiseaux sont venus tout manger.<br \/>\nD&rsquo;autres sont tomb\u00e9s sur le sol pierreux, o\u00f9 ils n&rsquo;avaient pas beaucoup de terre\u00a0; ils ont lev\u00e9 aussit\u00f4t parce que la terre \u00e9tait peu profonde.<br \/>\nLe soleil s&rsquo;\u00e9tant lev\u00e9, ils ont br\u00fbl\u00e9 et, faute de racines, ils ont s\u00e9ch\u00e9.<br \/>\nD&rsquo;autres grains sont tomb\u00e9s dans les ronces\u00a0; les ronces ont pouss\u00e9 et les ont \u00e9touff\u00e9s.<br \/>\nD&rsquo;autres sont tomb\u00e9s sur la bonne terre, et ils ont donn\u00e9 du fruit \u00e0 raison de cent, ou soixante, ou trente pour un.<br \/>\nCelui qui a des oreilles, qu&rsquo;il entende\u00a0!\u00a0\u00bb<br \/>\nLes disciples s&rsquo;approch\u00e8rent de J\u00e9sus et lui dirent\u00a0: \u00ab\u00a0Pourquoi leur parles-tu en paraboles\u00a0?\u00a0\u00bb<br \/>\nIl leur r\u00e9pondit\u00a0: \u00ab\u00a0A vous il est donn\u00e9 de conna\u00eetre les myst\u00e8res du Royaume des cieux, mais \u00e0 eux ce n&rsquo;est pas donn\u00e9.<br \/>\nCelui qui a recevra encore, et il sera dans l&rsquo;abondance\u00a0; mais celui qui n&rsquo;a rien se fera enlever m\u00eame ce qu&rsquo;il a.<br \/>\nSi je leur parle en paraboles, c&rsquo;est parce qu&rsquo;ils regardent sans regarder, qu&rsquo;ils \u00e9coutent sans \u00e9couter et sans comprendre.<br \/>\nAinsi s&rsquo;accomplit pour eux la proph\u00e9tie d&rsquo;Isa\u00efe\u00a0: Vous aurez beau \u00e9couter, vous ne comprendrez pas. Vous aurez beau regarder, vous ne verrez pas.<br \/>\nLe c\u0153ur de ce peuple s&rsquo;est alourdi\u00a0: ils sont devenus durs d&rsquo;oreille, ils se sont bouch\u00e9 les yeux, pour que leurs yeux ne voient pas, que leurs oreilles n&rsquo;entendent pas, que leur c\u0153ur ne comprenne pas, et qu&rsquo;ils ne se convertissent pas. Sinon, je les aurais gu\u00e9ris\u00a0!<br \/>\nMais vous, heureux vos yeux parce qu&rsquo;ils voient, et vos oreilles parce qu&rsquo;elles entendent\u00a0!<br \/>\nAmen, je vous le dis\u00a0: beaucoup de proph\u00e8tes et de justes ont d\u00e9sir\u00e9 voir ce que vous voyez, et ne l&rsquo;ont pas vu, entendre ce que vous entendez, et ne l&rsquo;ont pas entendu.<br \/>\nVous donc, \u00e9coutez ce que veut dire la parabole du semeur.<br \/>\nQuand l&rsquo;homme entend la parole du Royaume sans la comprendre, le Mauvais survient et s&#8217;empare de ce qui est sem\u00e9 dans son c\u0153ur\u00a0: cet homme, c&rsquo;est le terrain ensemenc\u00e9 au bord du chemin.<br \/>\nCelui qui a re\u00e7u la semence sur un sol pierreux, c&rsquo;est l&rsquo;homme qui entend la Parole et la re\u00e7oit aussit\u00f4t avec joie\u00a0;<br \/>\nmais il n&rsquo;a pas de racines en lui, il est l&rsquo;homme d&rsquo;un moment\u00a0: quand vient la d\u00e9tresse ou la pers\u00e9cution \u00e0 cause de la Parole, il tombe aussit\u00f4t.<br \/>\nCelui qui a re\u00e7u la semence dans les ronces, c&rsquo;est l&rsquo;homme qui entend la Parole\u00a0; mais les soucis du monde et les s\u00e9ductions de la richesse \u00e9touffent la Parole, et il ne donne pas de fruit.<br \/>\nCelui qui a re\u00e7u la semence dans la bonne terre, c&rsquo;est l&rsquo;homme qui entend la Parole et la comprend\u00a0; il porte du fruit \u00e0 raison de cent, ou soixante, ou trente pour un.\u00a0\u00bb<\/p>\n<p>&nbsp;<\/p>\n<p>&nbsp;<\/p>\n<p>&nbsp;<\/p>\n<p>&nbsp;<\/p>\n","protected":false},"excerpt":{"rendered":"<p>Ce jour-l\u00e0, J\u00e9sus \u00e9tait sorti de la maison, et il \u00e9tait assis au bord du lac. Une foule immense se rassembla aupr\u00e8s de lui, si bien qu&rsquo;il monta dans une barque o\u00f9 il s&rsquo;assit\u00a0; toute la foule se tenait sur le rivage. Il leur dit beaucoup de choses en paraboles\u00a0: \u00ab\u00a0Voici que le semeur est [&hellip;]<\/p>\n","protected":false},"author":2,"featured_media":0,"comment_status":"closed","ping_status":"closed","sticky":false,"template":"","format":"standard","meta":{"footnotes":""},"categories":[3,13,28],"tags":[389,764,771,973,1059],"class_list":["post-9697","post","type-post","status-publish","format-standard","hentry","category-liturgique","category-ecritures","category-saints-et-saintes","tag-evangile","tag-parabole","tag-parole-divine","tag-semeur","tag-st-matthieu"],"_links":{"self":[{"href":"https:\/\/www.associationdemarie.org\/blog\/wp-json\/wp\/v2\/posts\/9697","targetHints":{"allow":["GET"]}}],"collection":[{"href":"https:\/\/www.associationdemarie.org\/blog\/wp-json\/wp\/v2\/posts"}],"about":[{"href":"https:\/\/www.associationdemarie.org\/blog\/wp-json\/wp\/v2\/types\/post"}],"author":[{"embeddable":true,"href":"https:\/\/www.associationdemarie.org\/blog\/wp-json\/wp\/v2\/users\/2"}],"replies":[{"embeddable":true,"href":"https:\/\/www.associationdemarie.org\/blog\/wp-json\/wp\/v2\/comments?post=9697"}],"version-history":[{"count":1,"href":"https:\/\/www.associationdemarie.org\/blog\/wp-json\/wp\/v2\/posts\/9697\/revisions"}],"predecessor-version":[{"id":9699,"href":"https:\/\/www.associationdemarie.org\/blog\/wp-json\/wp\/v2\/posts\/9697\/revisions\/9699"}],"wp:attachment":[{"href":"https:\/\/www.associationdemarie.org\/blog\/wp-json\/wp\/v2\/media?parent=9697"}],"wp:term":[{"taxonomy":"category","embeddable":true,"href":"https:\/\/www.associationdemarie.org\/blog\/wp-json\/wp\/v2\/categories?post=9697"},{"taxonomy":"post_tag","embeddable":true,"href":"https:\/\/www.associationdemarie.org\/blog\/wp-json\/wp\/v2\/tags?post=9697"}],"curies":[{"name":"wp","href":"https:\/\/api.w.org\/{rel}","templated":true}]}}