{"id":9691,"date":"2014-07-11T01:36:38","date_gmt":"2014-07-11T00:36:38","guid":{"rendered":"http:\/\/www.associationdemarie.org\/blog\/?p=9691"},"modified":"2014-06-20T05:40:57","modified_gmt":"2014-06-20T04:40:57","slug":"fete-de-saint-benoit-abbe-patron-de-leurope-2","status":"publish","type":"post","link":"https:\/\/www.associationdemarie.org\/blog\/fete-de-saint-benoit-abbe-patron-de-leurope-2\/","title":{"rendered":"F\u00eate de saint Beno\u00eet, abb\u00e9, patron de l&rsquo;Europe"},"content":{"rendered":"<p style=\"text-align: center;\"><a href=\"https:\/\/www.associationdemarie.org\/blog\/wp-content\/uploads\/2014\/06\/saint-benoit-de-nursie-par-fra-angelico.jpg\"><img loading=\"lazy\" decoding=\"async\" class=\"aligncenter  wp-image-9692\" alt=\"saint-benoit-de-nursie-par-fra-angelico\" src=\"https:\/\/www.associationdemarie.org\/blog\/wp-content\/uploads\/2014\/06\/saint-benoit-de-nursie-par-fra-angelico.jpg\" width=\"447\" height=\"216\" srcset=\"https:\/\/www.associationdemarie.org\/blog\/wp-content\/uploads\/2014\/06\/saint-benoit-de-nursie-par-fra-angelico.jpg 745w, https:\/\/www.associationdemarie.org\/blog\/wp-content\/uploads\/2014\/06\/saint-benoit-de-nursie-par-fra-angelico-300x144.jpg 300w\" sizes=\"auto, (max-width: 447px) 100vw, 447px\" \/><\/a><\/p>\n<p>Dans un si\u00e8cle barbare et turbulent, la culture des champs, le travail manuel et noble, et l&rsquo;\u00e9tude des sciences sacr\u00e9es et profanes \u00e9taient d\u00e9pr\u00e9ci\u00e9s et d\u00e9laiss\u00e9s presque de tous. Dans les monast\u00e8res b\u00e9n\u00e9dictins, au contraire, croissait sans cesse une foule innombrable d&rsquo;agriculteurs, d&rsquo;artisans et de savants. Chacun selon ses talents, ces moines parvenaient non seulement \u00e0 conserver intactes les productions de la sagesse antique mais \u00e0 pacifier, \u00e0 unir et \u00e0 occuper activement des peuples, vieux et jeunes, souvent en guerre entre eux. Ils ont r\u00e9ussi \u00e0 les faire passer de la barbarie renaissante, des haines d\u00e9vastatrices et des rapines \u00e0 des habitudes de douceur humaine et chr\u00e9tienne&#8230;<\/p>\n<p>Mais ce n&rsquo;est pas tout\u00a0: car dans l&rsquo;organisation de la vie monastique b\u00e9n\u00e9dictine, l&rsquo;essentiel pour tous&#8230;est de tendre \u00e0 l&rsquo;union continuelle avec le Christ et de br\u00fbler de sa charit\u00e9 parfaite. En effet, les biens de ce monde, m\u00eame dans leur ensemble, ne peuvent pas rassasier l&rsquo;\u00e2me humaine que Dieu a\u00a0cr\u00e9\u00e9e pour l&rsquo;atteindre lui-m\u00eame&#8230; C&rsquo;est pourquoi la R\u00e8gle de Saint Beno\u00eet dit qu&rsquo;il est indispensable que \u00ab\u00a0rien ne soit pr\u00e9f\u00e9r\u00e9 \u00e0 l&rsquo;amour du Christ \u00bb, \u00ab\u00a0que rien ne soit estim\u00e9 de plus haut prix que le Christ \u00bb, \u00ab\u00a0qu&rsquo;absolument rien ne soit pr\u00e9f\u00e9r\u00e9 au Christ, qui nous conduit \u00e0 la vie \u00e9ternelle \u00bb.<\/p>\n<p>Et \u00e0 cet amour ardent du divin R\u00e9dempteur doit correspondre l&rsquo;amour du prochain, que nous devons consid\u00e9rer tous comme des fr\u00e8res et aider de toutes les fa\u00e7ons possibles. C&rsquo;est pourquoi, \u00e0 l&rsquo;encontre des haines et des rivalit\u00e9s qui dressent les hommes les uns contre les autres, de la violence et des innombrables maux et mis\u00e8res qui sont les cons\u00e9quences de cette agitation des peuples et des choses, Beno\u00eet prescrit aux siens ces tr\u00e8s saintes r\u00e8gles\u00a0: \u00ab\u00a0Qu&rsquo;on montre les soins les plus empress\u00e9s dans l&rsquo;hospitalit\u00e9, sp\u00e9cialement \u00e0 l&rsquo;\u00e9gard des pauvres et des p\u00e8lerins, car c&rsquo;est le Christ que l&rsquo;on accueille principalement en eux. \u00bb \u00ab\u00a0Que tous les h\u00f4tes qui nous arrivent soient accueillis comme le Christ, car c&rsquo;est lui qui dira un jour\u00a0: J&rsquo;ai \u00e9t\u00e9 \u00e9tranger, et vous m&rsquo;avez accueilli \u00bb (Mt 25,35). \u00ab\u00a0Avant tout et par-dessus tout, que l&rsquo;on ait soin des malades, afin de les servir comme le Christ lui-m\u00eame, car il a dit\u00a0: J&rsquo;\u00e9tais malade et vous m&rsquo;avez visit\u00e9 \u00bb (v. 36).<\/p>\n<p>Pie XII, pape de 1939 \u00e0 1958<br \/>\n<i>Encyclique \u00ab Fulgens radiatur \u00bb, 21\/03\/1947<\/i><\/p>\n<p>&nbsp;<\/p>\n<p>&nbsp;<\/p>\n","protected":false},"excerpt":{"rendered":"<p>Dans un si\u00e8cle barbare et turbulent, la culture des champs, le travail manuel et noble, et l&rsquo;\u00e9tude des sciences sacr\u00e9es et profanes \u00e9taient d\u00e9pr\u00e9ci\u00e9s et d\u00e9laiss\u00e9s presque de tous. Dans les monast\u00e8res b\u00e9n\u00e9dictins, au contraire, croissait sans cesse une foule innombrable d&rsquo;agriculteurs, d&rsquo;artisans et de savants. Chacun selon ses talents, ces moines parvenaient non seulement [&hellip;]<\/p>\n","protected":false},"author":2,"featured_media":0,"comment_status":"closed","ping_status":"closed","sticky":false,"template":"","format":"standard","meta":{"footnotes":""},"categories":[2,15,17,28],"tags":[1382,803,1016],"class_list":["post-9691","post","type-post","status-publish","format-standard","hentry","category-actualites","category-histoire","category-maison-de-marie-dardouane","category-saints-et-saintes","tag-ecritures","tag-pie-xii","tag-st-benoit"],"_links":{"self":[{"href":"https:\/\/www.associationdemarie.org\/blog\/wp-json\/wp\/v2\/posts\/9691","targetHints":{"allow":["GET"]}}],"collection":[{"href":"https:\/\/www.associationdemarie.org\/blog\/wp-json\/wp\/v2\/posts"}],"about":[{"href":"https:\/\/www.associationdemarie.org\/blog\/wp-json\/wp\/v2\/types\/post"}],"author":[{"embeddable":true,"href":"https:\/\/www.associationdemarie.org\/blog\/wp-json\/wp\/v2\/users\/2"}],"replies":[{"embeddable":true,"href":"https:\/\/www.associationdemarie.org\/blog\/wp-json\/wp\/v2\/comments?post=9691"}],"version-history":[{"count":1,"href":"https:\/\/www.associationdemarie.org\/blog\/wp-json\/wp\/v2\/posts\/9691\/revisions"}],"predecessor-version":[{"id":9693,"href":"https:\/\/www.associationdemarie.org\/blog\/wp-json\/wp\/v2\/posts\/9691\/revisions\/9693"}],"wp:attachment":[{"href":"https:\/\/www.associationdemarie.org\/blog\/wp-json\/wp\/v2\/media?parent=9691"}],"wp:term":[{"taxonomy":"category","embeddable":true,"href":"https:\/\/www.associationdemarie.org\/blog\/wp-json\/wp\/v2\/categories?post=9691"},{"taxonomy":"post_tag","embeddable":true,"href":"https:\/\/www.associationdemarie.org\/blog\/wp-json\/wp\/v2\/tags?post=9691"}],"curies":[{"name":"wp","href":"https:\/\/api.w.org\/{rel}","templated":true}]}}