{"id":9686,"date":"2014-07-10T01:14:23","date_gmt":"2014-07-10T00:14:23","guid":{"rendered":"http:\/\/www.associationdemarie.org\/blog\/?p=9686"},"modified":"2014-06-19T05:21:11","modified_gmt":"2014-06-19T04:21:11","slug":"leglise-doit-surprendre","status":"publish","type":"post","link":"https:\/\/www.associationdemarie.org\/blog\/leglise-doit-surprendre\/","title":{"rendered":"L&rsquo;Eglise doit surprendre"},"content":{"rendered":"<div><span style=\"color: #ffffff;\">.<\/span><\/div>\n<div><\/div>\n<div><a href=\"https:\/\/www.associationdemarie.org\/blog\/wp-content\/uploads\/2014\/06\/pape-francois-lacroix.jpg\"><img loading=\"lazy\" decoding=\"async\" class=\"aligncenter  wp-image-9687\" alt=\"pape-francois-lacroix\" src=\"https:\/\/www.associationdemarie.org\/blog\/wp-content\/uploads\/2014\/06\/pape-francois-lacroix-1024x703.jpg\" width=\"368\" height=\"253\" srcset=\"https:\/\/www.associationdemarie.org\/blog\/wp-content\/uploads\/2014\/06\/pape-francois-lacroix-1024x703.jpg 1024w, https:\/\/www.associationdemarie.org\/blog\/wp-content\/uploads\/2014\/06\/pape-francois-lacroix-300x206.jpg 300w, https:\/\/www.associationdemarie.org\/blog\/wp-content\/uploads\/2014\/06\/pape-francois-lacroix.jpg 1027w\" sizes=\"auto, (max-width: 368px) 100vw, 368px\" \/><\/a><\/div>\n<div><span style=\"color: #ffffff;\">.<\/span><\/div>\n<div><b>\u00ab Si l\u2019\u00c9glise est vivante, elle doit toujours surprendre. Une \u00c9glise qui n&rsquo;a pas la capacit\u00e9 de surprendre est une \u00c9glise faible, malade, mourante et elle doit \u00eatre hospitalis\u00e9e en service de r\u00e9animation au plus vite ! \u00bb<\/b><br \/>\n(&#8230;)<\/div>\n<div>L\u2019\u00c9glise ne doit pas non plus avoir peur de \u00ab semer la pagaille \u00bb ou \u00ab d\u00e9ranger \u00bb : \u00ab Certains \u00e0 J\u00e9rusalem auraient pr\u00e9f\u00e9r\u00e9 que les disciples, bloqu\u00e9s par la peur, restent enferm\u00e9s chez eux pour ne pas semer le trouble. Aujourd&rsquo;hui aussi beaucoup veulent cela des chr\u00e9tiens. \u00bb<\/div>\n<div>Mais \u00ab le Seigneur les pousse dans le monde \u00bb : \u00ab L\u2019\u00c9glise de Pentec\u00f4te ne se r\u00e9sout pas \u00e0 \u00eatre inoffensive, trop \u00ab\u00a0distill\u00e9e\u00a0\u00bb. Elle ne veut pas \u00eatre un \u00e9l\u00e9ment d\u00e9coratif. C&rsquo;est une \u00c9glise qui n&rsquo;h\u00e9site pas \u00e0 sortir, \u00e0 la rencontre des gens, pour annoncer le message qui lui a \u00e9t\u00e9 confi\u00e9, m\u00eame si ce message d\u00e9range ou perturbe les consciences, m\u00eame si ce message apporte peut-\u00eatre des probl\u00e8mes et m\u00eame parfois s&rsquo;il conduit au martyre. \u00bb<\/div>\n<div>A l&rsquo;image des colonnades de Saint-Pierre, l&rsquo;\u00c9glise doit \u00ab embrasser le monde mais sans l&rsquo;enfermer ; elle le laisse libre : deux bras qui s&rsquo;ouvrent pour accueillir, mais ne se referment pas pour retenir. Les chr\u00e9tiens sont libres et l\u2019\u00c9glise les veut libres ! \u00bb.<\/div>\n<div><span style=\"color: #ffffff;\">\u00a0.<\/span><\/div>\n<div><i>Pape Fran\u00e7ois<\/i><\/div>\n<div><i>exhortation de la f\u00eate de la Pentec\u00f4te<\/i><\/div>\n<div><\/div>\n<div><\/div>\n<div><\/div>\n<div><\/div>\n<div><\/div>\n","protected":false},"excerpt":{"rendered":"<p>. . \u00ab Si l\u2019\u00c9glise est vivante, elle doit toujours surprendre. Une \u00c9glise qui n&rsquo;a pas la capacit\u00e9 de surprendre est une \u00c9glise faible, malade, mourante et elle doit \u00eatre hospitalis\u00e9e en service de r\u00e9animation au plus vite ! \u00bb (&#8230;) L\u2019\u00c9glise ne doit pas non plus avoir peur de \u00ab semer la pagaille \u00bb [&hellip;]<\/p>\n","protected":false},"author":2,"featured_media":0,"comment_status":"closed","ping_status":"closed","sticky":false,"template":"","format":"standard","meta":{"footnotes":""},"categories":[2,28],"tags":[336,337,387,647,761],"class_list":["post-9686","post","type-post","status-publish","format-standard","hentry","category-actualites","category-saints-et-saintes","tag-eglise","tag-eglise-universelle","tag-evangelisation","tag-martyr","tag-pape-francois"],"_links":{"self":[{"href":"https:\/\/www.associationdemarie.org\/blog\/wp-json\/wp\/v2\/posts\/9686","targetHints":{"allow":["GET"]}}],"collection":[{"href":"https:\/\/www.associationdemarie.org\/blog\/wp-json\/wp\/v2\/posts"}],"about":[{"href":"https:\/\/www.associationdemarie.org\/blog\/wp-json\/wp\/v2\/types\/post"}],"author":[{"embeddable":true,"href":"https:\/\/www.associationdemarie.org\/blog\/wp-json\/wp\/v2\/users\/2"}],"replies":[{"embeddable":true,"href":"https:\/\/www.associationdemarie.org\/blog\/wp-json\/wp\/v2\/comments?post=9686"}],"version-history":[{"count":3,"href":"https:\/\/www.associationdemarie.org\/blog\/wp-json\/wp\/v2\/posts\/9686\/revisions"}],"predecessor-version":[{"id":9690,"href":"https:\/\/www.associationdemarie.org\/blog\/wp-json\/wp\/v2\/posts\/9686\/revisions\/9690"}],"wp:attachment":[{"href":"https:\/\/www.associationdemarie.org\/blog\/wp-json\/wp\/v2\/media?parent=9686"}],"wp:term":[{"taxonomy":"category","embeddable":true,"href":"https:\/\/www.associationdemarie.org\/blog\/wp-json\/wp\/v2\/categories?post=9686"},{"taxonomy":"post_tag","embeddable":true,"href":"https:\/\/www.associationdemarie.org\/blog\/wp-json\/wp\/v2\/tags?post=9686"}],"curies":[{"name":"wp","href":"https:\/\/api.w.org\/{rel}","templated":true}]}}