{"id":9672,"date":"2014-07-09T01:08:40","date_gmt":"2014-07-09T00:08:40","guid":{"rendered":"http:\/\/www.associationdemarie.org\/blog\/?p=9672"},"modified":"2014-06-18T07:11:18","modified_gmt":"2014-06-18T06:11:18","slug":"ave-maria-2","status":"publish","type":"post","link":"https:\/\/www.associationdemarie.org\/blog\/ave-maria-2\/","title":{"rendered":"Ave Maria"},"content":{"rendered":"<p><strong><a href=\"https:\/\/www.associationdemarie.org\/blog\/wp-content\/uploads\/2014\/06\/1317922947FullImage.jpg\"><img loading=\"lazy\" decoding=\"async\" class=\"alignright size-medium wp-image-9673\" alt=\"1317922947FullImage\" src=\"https:\/\/www.associationdemarie.org\/blog\/wp-content\/uploads\/2014\/06\/1317922947FullImage-210x300.jpg\" width=\"210\" height=\"300\" srcset=\"https:\/\/www.associationdemarie.org\/blog\/wp-content\/uploads\/2014\/06\/1317922947FullImage-210x300.jpg 210w, https:\/\/www.associationdemarie.org\/blog\/wp-content\/uploads\/2014\/06\/1317922947FullImage.jpg 650w\" sizes=\"auto, (max-width: 210px) 100vw, 210px\" \/><\/a>Marie de tous nos d\u00e9sirs<br \/>\net de toutes nos esp\u00e9rances\u2026<\/p>\n<p>Je te salue Marie,<br \/>\nm\u00e8re de tous nos d\u00e9sirs d\u2019\u00eatre heureux.<br \/>\nTu es la terre qui dit oui \u00e0 la vie.<br \/>\nTu es l\u2019humanit\u00e9 qui consent \u00e0 Dieu.<br \/>\nTu es le fruit des promesses du pass\u00e9<br \/>\net l\u2019avenir de notre pr\u00e9sent.<br \/>\nTu es la foi qui accueille l\u2019impr\u00e9visible,<br \/>\ntu es la foi qui accueille l\u2019invisible.<\/p>\n<p>Je te salue Marie,<br \/>\nm\u00e8re de toutes nos recherches<br \/>\nde ce Dieu impr\u00e9vu.<br \/>\nDu Temple o\u00f9 tu le perds,<br \/>\nau Calvaire o\u00f9 il est pendu<br \/>\nsa route te semble folle.<br \/>\nTu es chacun de nous qui cherche J\u00e9sus,<br \/>\nsans bien comprendre sa vie et ses paroles.<br \/>\nTu es la m\u00e8re des obscurit\u00e9s de la foi,<br \/>\ntoi qui observes tous les \u00e9v\u00e9nements dans ton c\u0153ur,<br \/>\ncreuses et m\u00e9dites tous nos \u00abpourquoi?\u00bb<br \/>\net qui fais confiance en l\u2019avenir de Dieu, ton Seigneur.<\/p>\n<p>Je te salue Marie,<br \/>\nm\u00e8re de toutes nos souffrances.<br \/>\nTu es la femme debout<br \/>\nau pied de l\u2019homme crucifi\u00e9,<br \/>\ntu es la m\u00e8re de tous ceux qui pleurent<br \/>\nl\u2019innocence massacr\u00e9e et le prisonnier tortur\u00e9.<\/p>\n<p>Je te salue Marie,<br \/>\nm\u00e8re de J\u00e9sus et du disciple qui a cru.<br \/>\nTu es la m\u00e8re des Hommes et de l\u2019\u00c9glise,<br \/>\ntu es au carrefour de l\u2019histoire du salut<br \/>\nque Dieu invente depuis Abraham et Mo\u00efse.<\/p>\n<p>Je te salue Marie,<br \/>\nm\u00e8re de toutes nos pentec\u00f4tes.<br \/>\nTu es, avec les ap\u00f4tres,<br \/>\nl\u2019\u00c9glise qui prie et accueille les dons du Saint-Esprit.<\/p>\n<p>Je te salue Marie,<br \/>\nm\u00e8re de toutes nos esp\u00e9rances.<br \/>\nTu es l\u2019\u00e9toile radieuse d\u2019un peuple en marche vers Dieu.<br \/>\nTu es l\u2019annonce de l\u2019humanit\u00e9 transfigur\u00e9e,<br \/>\ntu es la r\u00e9ussite de la cr\u00e9ation<br \/>\nque Dieu a faite pour son \u00e9ternit\u00e9.<br \/>\n<\/strong><br \/>\nMichel Hubaut<br \/>\nPri\u00e8re tir\u00e9e de \u00ab\u00a0Christ notre bonheur, apprendre \u00e0 prier avec saint Fran\u00e7ois et sainte Claire d\u2019Assise\u00a0\u00bb, \u00c9ditions Fayard, 1986.<\/p>\n","protected":false},"excerpt":{"rendered":"<p>Marie de tous nos d\u00e9sirs et de toutes nos esp\u00e9rances\u2026 Je te salue Marie, m\u00e8re de tous nos d\u00e9sirs d\u2019\u00eatre heureux. Tu es la terre qui dit oui \u00e0 la vie. Tu es l\u2019humanit\u00e9 qui consent \u00e0 Dieu. Tu es le fruit des promesses du pass\u00e9 et l\u2019avenir de notre pr\u00e9sent. Tu es la foi [&hellip;]<\/p>\n","protected":false},"author":2,"featured_media":0,"comment_status":"closed","ping_status":"closed","sticky":false,"template":"","format":"standard","meta":{"footnotes":""},"categories":[14,27],"tags":[520,636,640,831],"class_list":["post-9672","post","type-post","status-publish","format-standard","hentry","category-groupe-prieres","category-prieres","tag-je-vous-salue","tag-marie","tag-marie-mere-des-hommes","tag-priere-et-chant"],"_links":{"self":[{"href":"https:\/\/www.associationdemarie.org\/blog\/wp-json\/wp\/v2\/posts\/9672","targetHints":{"allow":["GET"]}}],"collection":[{"href":"https:\/\/www.associationdemarie.org\/blog\/wp-json\/wp\/v2\/posts"}],"about":[{"href":"https:\/\/www.associationdemarie.org\/blog\/wp-json\/wp\/v2\/types\/post"}],"author":[{"embeddable":true,"href":"https:\/\/www.associationdemarie.org\/blog\/wp-json\/wp\/v2\/users\/2"}],"replies":[{"embeddable":true,"href":"https:\/\/www.associationdemarie.org\/blog\/wp-json\/wp\/v2\/comments?post=9672"}],"version-history":[{"count":1,"href":"https:\/\/www.associationdemarie.org\/blog\/wp-json\/wp\/v2\/posts\/9672\/revisions"}],"predecessor-version":[{"id":9674,"href":"https:\/\/www.associationdemarie.org\/blog\/wp-json\/wp\/v2\/posts\/9672\/revisions\/9674"}],"wp:attachment":[{"href":"https:\/\/www.associationdemarie.org\/blog\/wp-json\/wp\/v2\/media?parent=9672"}],"wp:term":[{"taxonomy":"category","embeddable":true,"href":"https:\/\/www.associationdemarie.org\/blog\/wp-json\/wp\/v2\/categories?post=9672"},{"taxonomy":"post_tag","embeddable":true,"href":"https:\/\/www.associationdemarie.org\/blog\/wp-json\/wp\/v2\/tags?post=9672"}],"curies":[{"name":"wp","href":"https:\/\/api.w.org\/{rel}","templated":true}]}}