{"id":9669,"date":"2014-07-08T01:17:05","date_gmt":"2014-07-08T00:17:05","guid":{"rendered":"http:\/\/www.associationdemarie.org\/blog\/?p=9669"},"modified":"2014-06-17T05:24:38","modified_gmt":"2014-06-17T04:24:38","slug":"jesus-parcourait-toutes-les-villes-et-tous-les-villages-proclamant-la-bonne-nouvelle-du-royaume","status":"publish","type":"post","link":"https:\/\/www.associationdemarie.org\/blog\/jesus-parcourait-toutes-les-villes-et-tous-les-villages-proclamant-la-bonne-nouvelle-du-royaume\/","title":{"rendered":"\u00ab J\u00e9sus parcourait toutes les villes et tous les villages\u2026, proclamant la Bonne Nouvelle du Royaume. \u00bb"},"content":{"rendered":"<p style=\"text-align: center;\"><a href=\"https:\/\/www.associationdemarie.org\/blog\/wp-content\/uploads\/2014\/06\/evangeliser_tit_1.jpg\"><img loading=\"lazy\" decoding=\"async\" class=\"aligncenter  wp-image-9670\" alt=\"evangeliser_tit_1\" src=\"https:\/\/www.associationdemarie.org\/blog\/wp-content\/uploads\/2014\/06\/evangeliser_tit_1.jpg\" width=\"441\" height=\"147\" srcset=\"https:\/\/www.associationdemarie.org\/blog\/wp-content\/uploads\/2014\/06\/evangeliser_tit_1.jpg 630w, https:\/\/www.associationdemarie.org\/blog\/wp-content\/uploads\/2014\/06\/evangeliser_tit_1-300x100.jpg 300w\" sizes=\"auto, (max-width: 441px) 100vw, 441px\" \/><\/a><\/p>\n<p>La pr\u00e9sence des chr\u00e9tiens dans les groupes humains doit \u00eatre anim\u00e9e de cet amour dont Dieu nous a aim\u00e9s, qui veut que nous aussi nous nous aimions les uns les autres du m\u00eame amour de charit\u00e9 (1Jn 4,11). La charit\u00e9 chr\u00e9tienne s&rsquo;\u00e9tend v\u00e9ritablement \u00e0 tous les hommes, sans aucune distinction de race, de condition sociale ou de religion. Elle n&rsquo;attend aucun profit ni aucune reconnaissance. Dieu nous a aim\u00e9s d&rsquo;un amour gratuit ; de m\u00eame, les fid\u00e8les doivent \u00eatre pr\u00e9occup\u00e9s dans leur charit\u00e9 de l&rsquo;homme lui-m\u00eame, en l&rsquo;aimant du m\u00eame mouvement que celui dont Dieu nous a cherch\u00e9s. Le Christ \u00ab parcourait toutes les villes et les villages en gu\u00e9rissant toutes les maladies et infirmit\u00e9s \u00bb, en signe de l&rsquo;av\u00e8nement du R\u00e8gne de Dieu. De m\u00eame l&rsquo;\u00c9glise est, par ses enfants, en liaison avec les hommes de quelque condition qu&rsquo;ils soient, mais surtout avec les pauvres et ceux qui souffrent&#8230; Elle participe \u00e0 leurs joies et \u00e0 leurs souffrances, elle conna\u00eet les aspirations et les probl\u00e8mes de leur vie, elle compatit avec eux dans les angoisses de la mort. \u00c0 ceux qui cherchent la paix, elle d\u00e9sire r\u00e9pondre dans un dialogue fraternel, en leur apportant la paix et la lumi\u00e8re qui viennent de l&rsquo;\u00c9vangile.<\/p>\n<p>Les chr\u00e9tiens doivent donc travailler et doivent collaborer avec tous les autres \u00e0 organiser de mani\u00e8re droite les affaires \u00e9conomiques et sociales. Ils se d\u00e9voueront avec un soin particulier \u00e0 l&rsquo;\u00e9ducation des enfants et des jeunes&#8230; Ils assumeront leur part dans les efforts des peuples qui, en luttant contre la faim, l&rsquo;ignorance et les maladies, s&rsquo;appliquent \u00e0 cr\u00e9er des conditions de la vie meilleures et \u00e0 affermir la paix dans le monde\u2026<\/p>\n<p>Mais l&rsquo;\u00c9glise ne veut en aucune mani\u00e8re s&rsquo;ing\u00e9rer dans le gouvernement de la cit\u00e9 terrestre. Elle ne revendique pour elle-m\u00eame d&rsquo;autre forme d\u2019autorit\u00e9 que celui d&rsquo;\u00eatre au service des hommes, avec l\u2019aide de Dieu.<\/p>\n<p>Concile Vatican II<br \/>\n<i>D\u00e9cret sur l&rsquo;activit\u00e9 missionnaire de l&rsquo;\u00c9glise \u00ab Ad Gentes \u00bb, \u00a7 12<\/i><\/p>\n<p>&nbsp;<\/p>\n<p>&nbsp;<\/p>\n<p>&nbsp;<\/p>\n","protected":false},"excerpt":{"rendered":"<p>La pr\u00e9sence des chr\u00e9tiens dans les groupes humains doit \u00eatre anim\u00e9e de cet amour dont Dieu nous a aim\u00e9s, qui veut que nous aussi nous nous aimions les uns les autres du m\u00eame amour de charit\u00e9 (1Jn 4,11). La charit\u00e9 chr\u00e9tienne s&rsquo;\u00e9tend v\u00e9ritablement \u00e0 tous les hommes, sans aucune distinction de race, de condition sociale [&hellip;]<\/p>\n","protected":false},"author":2,"featured_media":0,"comment_status":"closed","ping_status":"closed","sticky":false,"template":"","format":"standard","meta":{"footnotes":""},"categories":[3,13],"tags":[305,336,387,1174],"class_list":["post-9669","post","type-post","status-publish","format-standard","hentry","category-liturgique","category-ecritures","tag-disciples","tag-eglise","tag-evangelisation","tag-vatican-2"],"_links":{"self":[{"href":"https:\/\/www.associationdemarie.org\/blog\/wp-json\/wp\/v2\/posts\/9669","targetHints":{"allow":["GET"]}}],"collection":[{"href":"https:\/\/www.associationdemarie.org\/blog\/wp-json\/wp\/v2\/posts"}],"about":[{"href":"https:\/\/www.associationdemarie.org\/blog\/wp-json\/wp\/v2\/types\/post"}],"author":[{"embeddable":true,"href":"https:\/\/www.associationdemarie.org\/blog\/wp-json\/wp\/v2\/users\/2"}],"replies":[{"embeddable":true,"href":"https:\/\/www.associationdemarie.org\/blog\/wp-json\/wp\/v2\/comments?post=9669"}],"version-history":[{"count":1,"href":"https:\/\/www.associationdemarie.org\/blog\/wp-json\/wp\/v2\/posts\/9669\/revisions"}],"predecessor-version":[{"id":9671,"href":"https:\/\/www.associationdemarie.org\/blog\/wp-json\/wp\/v2\/posts\/9669\/revisions\/9671"}],"wp:attachment":[{"href":"https:\/\/www.associationdemarie.org\/blog\/wp-json\/wp\/v2\/media?parent=9669"}],"wp:term":[{"taxonomy":"category","embeddable":true,"href":"https:\/\/www.associationdemarie.org\/blog\/wp-json\/wp\/v2\/categories?post=9669"},{"taxonomy":"post_tag","embeddable":true,"href":"https:\/\/www.associationdemarie.org\/blog\/wp-json\/wp\/v2\/tags?post=9669"}],"curies":[{"name":"wp","href":"https:\/\/api.w.org\/{rel}","templated":true}]}}