{"id":9664,"date":"2014-07-06T01:58:54","date_gmt":"2014-07-06T00:58:54","guid":{"rendered":"http:\/\/www.associationdemarie.org\/blog\/?p=9664"},"modified":"2014-06-15T06:04:03","modified_gmt":"2014-06-15T05:04:03","slug":"ce-que-tu-as-cache-aux-sages-et-aux-savants-tu-las-revele-aux-tout-petits-2","status":"publish","type":"post","link":"https:\/\/www.associationdemarie.org\/blog\/ce-que-tu-as-cache-aux-sages-et-aux-savants-tu-las-revele-aux-tout-petits-2\/","title":{"rendered":"\u00ab Ce que tu as cach\u00e9 aux sages et aux savants, tu l\u2019as r\u00e9v\u00e9l\u00e9 aux tout-petits. \u00bb"},"content":{"rendered":"<p><a href=\"https:\/\/www.associationdemarie.org\/blog\/wp-content\/uploads\/2014\/06\/77.jpg\"><img loading=\"lazy\" decoding=\"async\" class=\"aligncenter size-full wp-image-9665\" alt=\"77\" src=\"https:\/\/www.associationdemarie.org\/blog\/wp-content\/uploads\/2014\/06\/77.jpg\" width=\"260\" height=\"194\" \/><\/a><\/p>\n<p>Le fait que Dieu, qui est tout-puissant, ait \u00e9t\u00e9 capable de s\u2019abaisser jusqu\u2019\u00e0 l\u2019humilit\u00e9 de la condition humaine constitue une preuve plus grande de sa puissance que l\u2019\u00e9clat et le caract\u00e8re surnaturel des miracles. En effet, quand la puissance divine accomplit une action d\u2019une grandeur sublime, c\u2019est, en quelque sorte, conforme et appropri\u00e9 \u00e0 la nature de Dieu\u2026 Par contre, que Dieu soit descendu jusqu\u2019\u00e0 notre bassesse est, en quelque sorte, l\u2019expression d\u2019une puissance surabondante qui n\u2019est pas du tout entrav\u00e9e par ce qui est \u00e0 l\u2019oppos\u00e9 de sa nature\u2026<\/p>\n<p>Ni l\u2019\u00e9tendue des cieux, ni l\u2019\u00e9clat des astres, ni l\u2019ordonnance de l\u2019univers, ni l\u2019harmonie des choses cr\u00e9\u00e9es ne r\u00e9v\u00e8lent la puissance magnifique de Dieu autant que son indulgence qui l\u2019am\u00e8ne \u00e0 s\u2019abaisser jusqu\u2019\u00e0 la faiblesse de notre nature\u2026 La bont\u00e9, la sagesse, la justice et la puissance de Dieu se r\u00e9v\u00e8lent dans ses desseins en notre faveur : la bont\u00e9 dans la volont\u00e9 de \u00ab sauver celui qui \u00e9tait perdu \u00bb (Lc 19,10) ; la sagesse et la justice dans sa mani\u00e8re de nous sauver ; la puissance dans le fait que le Christ est \u00ab devenu semblable aux hommes \u00bb (Ph 2,7-8) et s\u2019est conform\u00e9 \u00e0 l\u2019humilit\u00e9 de notre nature.<\/p>\n<p>Saint Gr\u00e9goire de Nysse (v. 335-395), moine et \u00e9v\u00eaque<br \/>\n<i>Le Discours cat\u00e9ch\u00e9tique, 23-26 ; SC 453 (trad. SC p. 253 rev.)<\/i><\/p>\n<p>&nbsp;<\/p>\n<p>&nbsp;<\/p>\n<p>&nbsp;<\/p>\n","protected":false},"excerpt":{"rendered":"<p>Le fait que Dieu, qui est tout-puissant, ait \u00e9t\u00e9 capable de s\u2019abaisser jusqu\u2019\u00e0 l\u2019humilit\u00e9 de la condition humaine constitue une preuve plus grande de sa puissance que l\u2019\u00e9clat et le caract\u00e8re surnaturel des miracles. En effet, quand la puissance divine accomplit une action d\u2019une grandeur sublime, c\u2019est, en quelque sorte, conforme et appropri\u00e9 \u00e0 la [&hellip;]<\/p>\n","protected":false},"author":2,"featured_media":0,"comment_status":"closed","ping_status":"closed","sticky":false,"template":"","format":"standard","meta":{"footnotes":""},"categories":[3,13,16,28],"tags":[269,295,1382,1263,1035],"class_list":["post-9664","post","type-post","status-publish","format-standard","hentry","category-liturgique","category-ecritures","category-jardins-de-la-bible","category-saints-et-saintes","tag-creation","tag-dieu","tag-ecritures","tag-petits","tag-st-gregoire"],"_links":{"self":[{"href":"https:\/\/www.associationdemarie.org\/blog\/wp-json\/wp\/v2\/posts\/9664","targetHints":{"allow":["GET"]}}],"collection":[{"href":"https:\/\/www.associationdemarie.org\/blog\/wp-json\/wp\/v2\/posts"}],"about":[{"href":"https:\/\/www.associationdemarie.org\/blog\/wp-json\/wp\/v2\/types\/post"}],"author":[{"embeddable":true,"href":"https:\/\/www.associationdemarie.org\/blog\/wp-json\/wp\/v2\/users\/2"}],"replies":[{"embeddable":true,"href":"https:\/\/www.associationdemarie.org\/blog\/wp-json\/wp\/v2\/comments?post=9664"}],"version-history":[{"count":1,"href":"https:\/\/www.associationdemarie.org\/blog\/wp-json\/wp\/v2\/posts\/9664\/revisions"}],"predecessor-version":[{"id":9666,"href":"https:\/\/www.associationdemarie.org\/blog\/wp-json\/wp\/v2\/posts\/9664\/revisions\/9666"}],"wp:attachment":[{"href":"https:\/\/www.associationdemarie.org\/blog\/wp-json\/wp\/v2\/media?parent=9664"}],"wp:term":[{"taxonomy":"category","embeddable":true,"href":"https:\/\/www.associationdemarie.org\/blog\/wp-json\/wp\/v2\/categories?post=9664"},{"taxonomy":"post_tag","embeddable":true,"href":"https:\/\/www.associationdemarie.org\/blog\/wp-json\/wp\/v2\/tags?post=9664"}],"curies":[{"name":"wp","href":"https:\/\/api.w.org\/{rel}","templated":true}]}}