{"id":9656,"date":"2014-07-04T01:19:45","date_gmt":"2014-07-04T00:19:45","guid":{"rendered":"http:\/\/www.associationdemarie.org\/blog\/?p=9656"},"modified":"2014-06-13T05:27:36","modified_gmt":"2014-06-13T04:27:36","slug":"intentions-de-priere-pape-francois-juillet-2014","status":"publish","type":"post","link":"https:\/\/www.associationdemarie.org\/blog\/intentions-de-priere-pape-francois-juillet-2014\/","title":{"rendered":"Intentions de pri\u00e8re &#8211; Pape Fran\u00e7ois (juillet 2014)"},"content":{"rendered":"<p><strong><a href=\"https:\/\/www.associationdemarie.org\/blog\/wp-content\/uploads\/2014\/06\/8-picture2.gif\"><img loading=\"lazy\" decoding=\"async\" class=\"alignright size-full wp-image-9657\" alt=\"8-picture2\" src=\"https:\/\/www.associationdemarie.org\/blog\/wp-content\/uploads\/2014\/06\/8-picture2.gif\" width=\"200\" height=\"200\" \/><\/a>Universelle &#8211; Le sport<\/strong><br \/>\nPour que la pratique du sport soit toujours une occasion de fraternit\u00e9 et de croissance humaine.<\/p>\n<p><strong>Pour l&rsquo;\u00e9vang\u00e9lisation &#8211; Les missionnaires la\u00efcs<\/strong><br \/>\nPour que le Saint-Esprit soutienne l&rsquo;\u0153uvre des la\u00efcs qui annoncent l&rsquo;Evangile dans les pays les plus pauvres.<\/p>\n<p>&nbsp;<\/p>\n<p>&nbsp;<\/p>\n<p>&nbsp;<\/p>\n<p><span style=\"color: #ffffff;\">.<\/span><\/p>\n","protected":false},"excerpt":{"rendered":"<p>Universelle &#8211; Le sport Pour que la pratique du sport soit toujours une occasion de fraternit\u00e9 et de croissance humaine. Pour l&rsquo;\u00e9vang\u00e9lisation &#8211; Les missionnaires la\u00efcs Pour que le Saint-Esprit soutienne l&rsquo;\u0153uvre des la\u00efcs qui annoncent l&rsquo;Evangile dans les pays les plus pauvres. &nbsp; &nbsp; &nbsp; .<\/p>\n","protected":false},"author":2,"featured_media":0,"comment_status":"closed","ping_status":"closed","sticky":false,"template":"","format":"standard","meta":{"footnotes":""},"categories":[2,14],"tags":[387,435,502,761,1262],"class_list":["post-9656","post","type-post","status-publish","format-standard","hentry","category-actualites","category-groupe-prieres","tag-evangelisation","tag-fraternite","tag-intention-de-prieres","tag-pape-francois","tag-sport"],"_links":{"self":[{"href":"https:\/\/www.associationdemarie.org\/blog\/wp-json\/wp\/v2\/posts\/9656","targetHints":{"allow":["GET"]}}],"collection":[{"href":"https:\/\/www.associationdemarie.org\/blog\/wp-json\/wp\/v2\/posts"}],"about":[{"href":"https:\/\/www.associationdemarie.org\/blog\/wp-json\/wp\/v2\/types\/post"}],"author":[{"embeddable":true,"href":"https:\/\/www.associationdemarie.org\/blog\/wp-json\/wp\/v2\/users\/2"}],"replies":[{"embeddable":true,"href":"https:\/\/www.associationdemarie.org\/blog\/wp-json\/wp\/v2\/comments?post=9656"}],"version-history":[{"count":2,"href":"https:\/\/www.associationdemarie.org\/blog\/wp-json\/wp\/v2\/posts\/9656\/revisions"}],"predecessor-version":[{"id":9659,"href":"https:\/\/www.associationdemarie.org\/blog\/wp-json\/wp\/v2\/posts\/9656\/revisions\/9659"}],"wp:attachment":[{"href":"https:\/\/www.associationdemarie.org\/blog\/wp-json\/wp\/v2\/media?parent=9656"}],"wp:term":[{"taxonomy":"category","embeddable":true,"href":"https:\/\/www.associationdemarie.org\/blog\/wp-json\/wp\/v2\/categories?post=9656"},{"taxonomy":"post_tag","embeddable":true,"href":"https:\/\/www.associationdemarie.org\/blog\/wp-json\/wp\/v2\/tags?post=9656"}],"curies":[{"name":"wp","href":"https:\/\/api.w.org\/{rel}","templated":true}]}}