{"id":9634,"date":"2014-06-27T05:07:40","date_gmt":"2014-06-27T04:07:40","guid":{"rendered":"http:\/\/www.associationdemarie.org\/blog\/?p=9634"},"modified":"2014-06-06T05:12:52","modified_gmt":"2014-06-06T04:12:52","slug":"sacre-coeur-de-jesus-solennite-3","status":"publish","type":"post","link":"https:\/\/www.associationdemarie.org\/blog\/sacre-coeur-de-jesus-solennite-3\/","title":{"rendered":"Sacr\u00e9-Coeur de J\u00e9sus, solennit\u00e9"},"content":{"rendered":"<div><a href=\"https:\/\/www.associationdemarie.org\/blog\/wp-content\/uploads\/2010\/08\/Sacr\u00e9-Coeur2.jpg\"><img loading=\"lazy\" decoding=\"async\" class=\"aligncenter  wp-image-1388\" alt=\"Sacr\u00e9 Coeur2\" src=\"https:\/\/www.associationdemarie.org\/blog\/wp-content\/uploads\/2010\/08\/Sacr\u00e9-Coeur2-950x1024.jpg\" width=\"342\" height=\"368\" srcset=\"https:\/\/www.associationdemarie.org\/blog\/wp-content\/uploads\/2010\/08\/Sacr\u00e9-Coeur2-950x1024.jpg 950w, https:\/\/www.associationdemarie.org\/blog\/wp-content\/uploads\/2010\/08\/Sacr\u00e9-Coeur2-278x300.jpg 278w, https:\/\/www.associationdemarie.org\/blog\/wp-content\/uploads\/2010\/08\/Sacr\u00e9-Coeur2.jpg 1857w\" sizes=\"auto, (max-width: 342px) 100vw, 342px\" \/><\/a><\/div>\n<div><span style=\"color: #ffffff;\">.<\/span><\/div>\n<div>Le Christ r\u00e9v\u00e8le \u00e0 sainte Marguerite-Marie Alacoque, le 27 d\u00e9cembre 1673, que \u00ab\u00a0<em>Mon\u00a0divin C\u0153ur est si passionn\u00e9 d&rsquo;amour pour les hommes, et pour toi en particulier que, ne pouvant plus contenir en lui-m\u00eame les flammes de son ardente charit\u00e9, il faut qu&rsquo;il les r\u00e9pande par ton moyen, et qu&rsquo;il se manifeste \u00e0 eux pour les enrichir de ses pr\u00e9cieux tr\u00e9sors que je te d\u00e9couvre&#8230;\u00a0<\/em>\u00bb<\/div>\n<div><span style=\"color: #ffffff;\">.<\/span><\/div>\n<div>En juin 1675, Il s&rsquo;adresse \u00e0 elle en ces termes : \u00ab\u00a0<em>Voil\u00e0 ce C\u0153ur qui a tant aim\u00e9 les hommes, qu&rsquo;il n&rsquo;a rien \u00e9pargn\u00e9, jusqu&rsquo;\u00e0 s&rsquo;\u00e9puiser et se consommer, pour leur t\u00e9moigner son amour.<br \/>\nJe te demande que le premier vendredi d&rsquo;apr\u00e8s l&rsquo;octave du Saint-Sacrement soit d\u00e9di\u00e9 \u00e0 une f\u00eate particuli\u00e8re pour honorer mon C\u0153ur, en communiant ce jour l\u00e0, et en lui faisant r\u00e9paration d&rsquo;honneur par une amende honorable, pour r\u00e9parer les indignit\u00e9s qu&rsquo;il a re\u00e7ues pendant le temps qu&rsquo;il a \u00e9t\u00e9 expos\u00e9 sur les autels.<\/em><\/div>\n<div><span style=\"color: #ffffff;\">.<\/span><\/div>\n<div><em>Je te promets aussi que mon C\u0153ur se dilatera, pour r\u00e9pandre avec abondance les influences de son divin amour sur ceux qui lui rendront cet honneur, et qui procureront qu&rsquo;il lui soit rendu&#8230;<br \/>\nFais savoir au fils ain\u00e9 de mon Sacr\u00e9-C\u0153ur (le roi Louis XIV) que, comme sa naissance temporelle a \u00e9t\u00e9 obtenue par la d\u00e9votion aux m\u00e9rites de ma sainte enfance, de m\u00eame il obtiendra sa naissance de gloire \u00e9ternelle par sa cons\u00e9cration \u00e0 mon C\u0153ur adorable. Mon C\u0153ur veut r\u00e9gner dans son palais, \u00eatre peint sur ses \u00e9tendards et grav\u00e9 dans ses armes pour les rendre victorieuses de tous ses ennemis et de tous ceux de la sainte \u00c9glise.<\/em><\/div>\n<div><span style=\"color: #ffffff;\">.<\/span><\/div>\n<div><em>Mon P\u00e8re veut se servir du roi pour l&rsquo;ex\u00e9cution de son dessein, qui est la construction d&rsquo;un \u00e9difice public o\u00f9 serait plac\u00e9 le tableau de mon C\u0153ur pour y recevoir les hommages de toute la France<\/em>\u00a0\u00bb<\/div>\n<div><span style=\"color: #ffffff;\">.<\/span><\/div>\n<div>Il faudra attendre 1870 : la guerre \u00e9clate entre la France et l&rsquo;Allemagne ; la d\u00e9faite militaire fran\u00e7aise ne tarde pas, suivie de l&rsquo;occupation d&rsquo;une partie du pays par les troupes allemandes. Alexandre Legentil, d\u00e9put\u00e9 sous Louis-Philippe, et son beau-fr\u00e8re, Hubert Rohault de Fleury, font v\u0153u de construire une \u00e9glise consacr\u00e9e au C\u0153ur du Christ, en r\u00e9paration et p\u00e9nitence pour les fautes commises par les Fran\u00e7ais : \u00ab Pour faire amende honorable de nos p\u00e9ch\u00e9s et obtenir de l&rsquo;infinie mis\u00e9ricorde du Sacr\u00e9-C\u0153ur de Notre Seigneur J\u00e9sus-Christ le pardon de nos fautes, ainsi que les secours extraordinaires qui peuvent seuls d\u00e9livrer le Souverain Pontife de sa captivit\u00e9 et faire cesser les malheurs de la France, nous promettons de contribuer \u00e0 l&rsquo;\u00e9rection, \u00e0 Paris, d&rsquo;un sanctuaire d\u00e9di\u00e9 au Sacr\u00e9-C\u0153ur de J\u00e9sus. \u00bb Pendant la premi\u00e8re guerre mondiale, en r\u00e9ponse \u00e0 la demande adress\u00e9e par sainte Marguerite Marie, en 1675, plus de douze millions de drapeaux et fanions fran\u00e7ais orn\u00e9s du Sacr\u00e9 C\u0153ur de J\u00e9sus furent port\u00e9s par les soldats, les r\u00e9giments, etc. En 1917, la R\u00e9publique a interdit la cons\u00e9cration individuelle des soldats au Sacr\u00e9 C\u0153ur et le port du Sacr\u00e9 C\u0153ur. Dans une lettre aux p\u00e8lerins de Paray, en 1999, Jean Paul II \u00ab invite tous les fid\u00e8les \u00e0 poursuivre avec pi\u00e9t\u00e9 leur d\u00e9votion au culte du Sacr\u00e9-C\u0153ur de J\u00e9sus, en l&rsquo;adaptant \u00e0 notre temps, pour qu&rsquo;ils ne cessent d&rsquo;accueillir ses insondables richesses, qu&rsquo;ils y r\u00e9pondent avec joie en aimant Dieu et leurs fr\u00e8res, trouvant ainsi la paix, entrant dans une d\u00e9marche de r\u00e9conciliation et affermissant leur esp\u00e9rance de vivre un jour en pl\u00e9nitude aupr\u00e8s de Dieu, dans la compagnie de tous les saints. \u00bb<\/div>\n<div><span style=\"color: #ffffff;\">.<\/span><\/div>\n<div>\n<div style=\"text-align: center;\">Pour un approfondissement :<\/div>\n<div style=\"text-align: center;\"><a href=\"http:\/\/www.google.fr\/url?sa=t&amp;rct=j&amp;q=lettre%20au%20pelerins%20de%20paray%20de%20jean%20paul%20ii&amp;source=web&amp;cd=5&amp;ved=0CEIQFjAE&amp;url=http%3A%2F%2Fwww.spiritualite-chretienne.com%2Fs_coeur%2Fchrono_g7.html&amp;ei=xsucUYWBDYrT7Aauq4HQAw&amp;usg=AFQjCNEwmvMEatMHGUQXmSXKbGcHD5CsdQ\">&gt;&gt;&gt;\u00a0La d\u00e9votion au Sacr\u00e9-C\u0153ur<\/a><\/div>\n<div><\/div>\n<div><span style=\"color: #ffffff;\">.<\/span><\/div>\n<div>\u00a9Evangelizo.org 2001-2014<\/div>\n<\/div>\n","protected":false},"excerpt":{"rendered":"<p>. Le Christ r\u00e9v\u00e8le \u00e0 sainte Marguerite-Marie Alacoque, le 27 d\u00e9cembre 1673, que \u00ab\u00a0Mon\u00a0divin C\u0153ur est si passionn\u00e9 d&rsquo;amour pour les hommes, et pour toi en particulier que, ne pouvant plus contenir en lui-m\u00eame les flammes de son ardente charit\u00e9, il faut qu&rsquo;il les r\u00e9pande par ton moyen, et qu&rsquo;il se manifeste \u00e0 eux pour [&hellip;]<\/p>\n","protected":false},"author":2,"featured_media":0,"comment_status":"closed","ping_status":"closed","sticky":false,"template":"","format":"standard","meta":{"footnotes":""},"categories":[3,13,28],"tags":[1255,432,596,914,1099],"class_list":["post-9634","post","type-post","status-publish","format-standard","hentry","category-liturgique","category-ecritures","category-saints-et-saintes","tag-consecration","tag-france","tag-louis-xiv","tag-sacre-coeur-de-jesus","tag-ste-marguerite-marie"],"_links":{"self":[{"href":"https:\/\/www.associationdemarie.org\/blog\/wp-json\/wp\/v2\/posts\/9634","targetHints":{"allow":["GET"]}}],"collection":[{"href":"https:\/\/www.associationdemarie.org\/blog\/wp-json\/wp\/v2\/posts"}],"about":[{"href":"https:\/\/www.associationdemarie.org\/blog\/wp-json\/wp\/v2\/types\/post"}],"author":[{"embeddable":true,"href":"https:\/\/www.associationdemarie.org\/blog\/wp-json\/wp\/v2\/users\/2"}],"replies":[{"embeddable":true,"href":"https:\/\/www.associationdemarie.org\/blog\/wp-json\/wp\/v2\/comments?post=9634"}],"version-history":[{"count":4,"href":"https:\/\/www.associationdemarie.org\/blog\/wp-json\/wp\/v2\/posts\/9634\/revisions"}],"predecessor-version":[{"id":9638,"href":"https:\/\/www.associationdemarie.org\/blog\/wp-json\/wp\/v2\/posts\/9634\/revisions\/9638"}],"wp:attachment":[{"href":"https:\/\/www.associationdemarie.org\/blog\/wp-json\/wp\/v2\/media?parent=9634"}],"wp:term":[{"taxonomy":"category","embeddable":true,"href":"https:\/\/www.associationdemarie.org\/blog\/wp-json\/wp\/v2\/categories?post=9634"},{"taxonomy":"post_tag","embeddable":true,"href":"https:\/\/www.associationdemarie.org\/blog\/wp-json\/wp\/v2\/tags?post=9634"}],"curies":[{"name":"wp","href":"https:\/\/api.w.org\/{rel}","templated":true}]}}