{"id":9612,"date":"2014-06-18T01:54:45","date_gmt":"2014-06-18T00:54:45","guid":{"rendered":"http:\/\/www.associationdemarie.org\/blog\/?p=9612"},"modified":"2014-05-28T07:58:50","modified_gmt":"2014-05-28T06:58:50","slug":"quand-tu-pries-retire-toi-au-fond-de-ta-maison-ferme-la-porte-et-prie-ton-pere-qui-est-present-dans-le-secret","status":"publish","type":"post","link":"https:\/\/www.associationdemarie.org\/blog\/quand-tu-pries-retire-toi-au-fond-de-ta-maison-ferme-la-porte-et-prie-ton-pere-qui-est-present-dans-le-secret\/","title":{"rendered":"\u00ab Quand tu pries, retire-toi au fond de ta maison, ferme la porte, et prie ton P\u00e8re qui est pr\u00e9sent dans le secret. \u00bb"},"content":{"rendered":"<p style=\"text-align: center;\"><a href=\"https:\/\/www.associationdemarie.org\/blog\/wp-content\/uploads\/2014\/05\/prier.jpg\"><img loading=\"lazy\" decoding=\"async\" class=\"aligncenter  wp-image-9613\" alt=\"prier\" src=\"https:\/\/www.associationdemarie.org\/blog\/wp-content\/uploads\/2014\/05\/prier.jpg\" width=\"454\" height=\"243\" srcset=\"https:\/\/www.associationdemarie.org\/blog\/wp-content\/uploads\/2014\/05\/prier.jpg 568w, https:\/\/www.associationdemarie.org\/blog\/wp-content\/uploads\/2014\/05\/prier-300x160.jpg 300w\" sizes=\"auto, (max-width: 454px) 100vw, 454px\" \/><\/a><\/p>\n<p>Ceux qui cherchent le Dieu invisible le cherchent dans leur c\u0153ur et dans leurs pens\u00e9es secr\u00e8tes, non dans des paroles bruyantes, comme s\u2019il \u00e9tait loin d\u2019eux. Ils ont l\u2019habitude de se retirer l\u00e0 o\u00f9 aucun \u0153il humain ne les voit ; l\u00e0, humbles et pleins de foi, ils peuvent rencontrer celui qui se tient \u00ab pr\u00e8s de leur sentier, pr\u00e8s de leur lit, et qui voit toutes leurs d\u00e9marches \u00bb. Et Dieu, \u00ab qui sonde les c\u0153urs \u00bb (Rm 9,27), les r\u00e9compensera au grand jour. La pri\u00e8re faite dans le secret, selon la volont\u00e9 de Dieu, est conserv\u00e9e comme un tr\u00e9sor dans son Livre de Vie (Ps 68,29). Peut-\u00eatre que cette pri\u00e8re a demand\u00e9 une r\u00e9ponse ici-bas et ne l\u2019a pas trouv\u00e9e ? Peut-\u00eatre que celui qui l\u2019a formul\u00e9e l\u2019a m\u00eame oubli\u00e9e, et que le monde ne l\u2019a jamais connue ? Mais Dieu, lui, s\u2019en souvient toujours ; et au dernier jour, quand les livres seront ouverts (Dn 7,10; Ap 20,12), cette pri\u00e8re sera d\u00e9voil\u00e9e et r\u00e9compens\u00e9e devant le monde entier\u2026<\/p>\n<p>Nous savons bien que nous sommes tenus d\u2019\u00eatre, en un certain sens, en pri\u00e8re et m\u00e9ditation tout au long du jour (Lc 18,1) ; mais\u2026devons-nous prier \u00e0 certaines heures du jour d\u2019une mani\u00e8re d\u00e9termin\u00e9e ?&#8230; M\u00eame si des heures et des formules pr\u00e9cises ne sont pas absolument n\u00e9cessaires pour la pri\u00e8re priv\u00e9e, elles sont d\u2019une grande aide, ou plut\u00f4t elles nous sont command\u00e9es par notre Seigneur quand il dit : \u00ab Toi, quand tu pries, retire-toi au fond de ta maison\u2026 \u00bb M\u00eame notre Sauveur avait des moments privil\u00e9gi\u00e9s de communion avec Dieu. Ses pens\u00e9es \u00e9taient bien un service divin continuellement offert \u00e0 son P\u00e8re, mais nous lisons qu\u2019il \u00ab est mont\u00e9 dans la montagne, \u00e0 l\u2019\u00e9cart, pour prier \u00bb et qu\u2019il \u00ab a pass\u00e9 toute la nuit \u00e0 prier Dieu \u00bb (Mt 14,23; Lc 6,12).<\/p>\n<p>Il faut insister sur ce devoir de respecter des moments pr\u00e9cis de pri\u00e8re priv\u00e9e, parce qu\u2019au milieu des soucis et des tensions de la vie, nous avons souvent tendance \u00e0 les n\u00e9gliger, et ce devoir est bien plus important qu\u2019on ne le pense d\u2019habitude, m\u00eame parmi ceux qui l\u2019accomplissent.<\/p>\n<p>Bienheureux John Henry Newman (1801-1890), th\u00e9ologien, fondateur de l&rsquo;Oratoire en Angleterre<br \/>\n<i>Sermon \u00ab Times of Private Prayer \u00bb, PPS, t. 1, n\u00b0 19<\/i><\/p>\n<p>&nbsp;<\/p>\n<p>&nbsp;<\/p>\n","protected":false},"excerpt":{"rendered":"<p>Ceux qui cherchent le Dieu invisible le cherchent dans leur c\u0153ur et dans leurs pens\u00e9es secr\u00e8tes, non dans des paroles bruyantes, comme s\u2019il \u00e9tait loin d\u2019eux. Ils ont l\u2019habitude de se retirer l\u00e0 o\u00f9 aucun \u0153il humain ne les voit ; l\u00e0, humbles et pleins de foi, ils peuvent rencontrer celui qui se tient \u00ab [&hellip;]<\/p>\n","protected":false},"author":2,"featured_media":0,"comment_status":"closed","ping_status":"closed","sticky":false,"template":"","format":"standard","meta":{"footnotes":""},"categories":[3,13,14,26,28],"tags":[159,295,1382,833,1167],"class_list":["post-9612","post","type-post","status-publish","format-standard","hentry","category-liturgique","category-ecritures","category-groupe-prieres","category-priere-des-ames","category-saints-et-saintes","tag-bienheureux-john-henry-newman","tag-dieu","tag-ecritures","tag-priez","tag-union-de-prieres"],"_links":{"self":[{"href":"https:\/\/www.associationdemarie.org\/blog\/wp-json\/wp\/v2\/posts\/9612","targetHints":{"allow":["GET"]}}],"collection":[{"href":"https:\/\/www.associationdemarie.org\/blog\/wp-json\/wp\/v2\/posts"}],"about":[{"href":"https:\/\/www.associationdemarie.org\/blog\/wp-json\/wp\/v2\/types\/post"}],"author":[{"embeddable":true,"href":"https:\/\/www.associationdemarie.org\/blog\/wp-json\/wp\/v2\/users\/2"}],"replies":[{"embeddable":true,"href":"https:\/\/www.associationdemarie.org\/blog\/wp-json\/wp\/v2\/comments?post=9612"}],"version-history":[{"count":1,"href":"https:\/\/www.associationdemarie.org\/blog\/wp-json\/wp\/v2\/posts\/9612\/revisions"}],"predecessor-version":[{"id":9614,"href":"https:\/\/www.associationdemarie.org\/blog\/wp-json\/wp\/v2\/posts\/9612\/revisions\/9614"}],"wp:attachment":[{"href":"https:\/\/www.associationdemarie.org\/blog\/wp-json\/wp\/v2\/media?parent=9612"}],"wp:term":[{"taxonomy":"category","embeddable":true,"href":"https:\/\/www.associationdemarie.org\/blog\/wp-json\/wp\/v2\/categories?post=9612"},{"taxonomy":"post_tag","embeddable":true,"href":"https:\/\/www.associationdemarie.org\/blog\/wp-json\/wp\/v2\/tags?post=9612"}],"curies":[{"name":"wp","href":"https:\/\/api.w.org\/{rel}","templated":true}]}}