{"id":9588,"date":"2014-05-24T09:40:58","date_gmt":"2014-05-24T08:40:58","guid":{"rendered":"http:\/\/www.associationdemarie.org\/blog\/?p=9588"},"modified":"2014-05-24T09:40:58","modified_gmt":"2014-05-24T08:40:58","slug":"priere-pour-envoyer-le-mal-dans-labime","status":"publish","type":"post","link":"https:\/\/www.associationdemarie.org\/blog\/priere-pour-envoyer-le-mal-dans-labime\/","title":{"rendered":"Pri\u00e8re pour envoyer le mal dans l&rsquo;abime"},"content":{"rendered":"<p><a href=\"https:\/\/www.associationdemarie.org\/blog\/wp-content\/uploads\/2014\/05\/180px-Pere_Cestac_Paris.jpg\"><img loading=\"lazy\" decoding=\"async\" class=\"alignright size-full wp-image-9589\" alt=\"180px-Pere_Cestac_Paris\" src=\"https:\/\/www.associationdemarie.org\/blog\/wp-content\/uploads\/2014\/05\/180px-Pere_Cestac_Paris.jpg\" width=\"180\" height=\"252\" \/><\/a>Le 13 janvier 1864, une \u00e2me accoutum\u00e9e aux bont\u00e9s de la Tr\u00e8s Sainte Vierge, le P\u00e8re Louis-Edouard Cestac, fondateur de la Congr\u00e9gation des Servantes de Marie, \u00e0 Anglet (Pyr\u00e9n\u00e9es Atlantique), fut subitement frapp\u00e9 comme d\u2019un rayon de clart\u00e9 divine. Il vit les d\u00e9mons r\u00e9pandus sur la terre, y causant des ravages inexprimables. En m\u00eame temps, il eut une vision de la Tr\u00e8s Sainte Vierge.<\/p>\n<div>Cette bonne M\u00e8re lui dit qu\u2019en effet, les d\u00e9mons \u00e9taient d\u00e9cha\u00een\u00e9s dans le monde et que l\u2019heure \u00e9tait venue de la prier comme \u00ab Reine des Anges \u00bb et de Lui demander d\u2019envoyer les L\u00e9gions Saintes pour combattre et terrasser les puissances de l\u2019enfer.<\/p>\n<p>\u00ab Ma M\u00e8re, dit le pr\u00eatre, vous qui \u00eates si bonne, ne pourriez-vous pas les envoyer sans que l\u2019on vous le demande ? \u00bb<br \/>\n\u00ab Non, r\u00e9pondit la Tr\u00e8s Sainte Vierge, la pri\u00e8re est une condition pos\u00e9e par Dieu m\u00eame pour l\u2019obtention des gr\u00e2ces. \u00bb<br \/>\n\u00ab Eh bien ma M\u00e8re, reprit le pr\u00eatre, voudriez-vous m\u2019enseigner vous-m\u00eame comme il faut vous prier ?\u00bb<\/p><\/div>\n<div>Et il re\u00e7ut de la Tr\u00e8s Sainte Vierge la pri\u00e8re: \u2018Auguste Reine des Cieux\u2019.<\/p>\n<p>\u00ab Mon premier devoir fut de pr\u00e9senter cette pri\u00e8re \u00e0 Monseigneur Lacroix, \u00e9v\u00eaque de Bayonne, qui daigna l\u2019approuver. Ce devoir accompli, j\u2019en fis tirer 500.000 exemplaires, j\u2019eus soin de les envoyer partout \u00bb. \u00ab Nous ne devons pas oublier de dire que lors de la premi\u00e8re impression, les presses se bris\u00e8rent par deux fois \u00bb.<\/p>\n<p>Sous l\u2019impulsion du V\u00e9n\u00e9rable P\u00e8re Cestac, cette pri\u00e8re s\u2019est r\u00e9pandue dans le monde catholique, accompagn\u00e9e partout de faveurs extraordinaires. Monseigneur le Cardinal Paul-Emile L\u00e9ger, ancien Archev\u00eaque de Montr\u00e9al (1904-1991) d\u00e9clarait : \u00ab L\u2019efficacit\u00e9 surnaturelle de cette pri\u00e8re est tr\u00e8s grande \u00bb.<\/p><\/div>\n<div>\u00a0<span style=\"color: #ffffff;\">.<\/span><\/div>\n<div><span style=\"color: #ffffff;\">.<\/span><\/div>\n<div><\/div>\n<div style=\"text-align: center;\"><b>PRI\u00c8RE A LA REINE DES ANGES<\/b><\/div>\n<div style=\"text-align: center;\"><span style=\"color: #ffffff;\">.<\/span><br \/>\n<a><img decoding=\"async\" id=\"BLOGGER_PHOTO_ID_5511711943441273346\" alt=\"\" src=\"http:\/\/3.bp.blogspot.com\/_qUW1IVOzako\/TH2Iz20YUgI\/AAAAAAAAEKc\/RkClTQEOpgQ\/s400\/marie-65.jpg\" border=\"0\" \/><\/a><\/p>\n<blockquote><p>Auguste Reine des cieux, souveraine ma\u00eetresse des Anges,<br \/>\nVous qui, d\u00e8s le commencement, avez re\u00e7u de Dieu le pouvoir et la mission d&rsquo;\u00e9craser la t\u00eate de Satan, Nous vous le demandons humblement, Envoyez vos l\u00e9gions c\u00e9lestes pour que, sous vos ordres, et par votre puissance, Elles poursuivent les d\u00e9mons, les combattent partout, R\u00e9priment leur audace, et les refoulent dans l&rsquo;ab\u00eeme.<br \/>\nQUI EST COMME DIEU ! O bonne et tendre m\u00e8re, Vous serez toujours notre Amour et notre esp\u00e9rance. O Divine M\u00e8re, Envoyez les Saints Anges pour nous d\u00e9fendre, Et repoussez loin de nous le cruel ennemi.<br \/>\nSaints Anges et Archanges, D\u00e9fendez-nous, gardez-nous.<\/p><\/blockquote>\n<p><i><\/i><\/div>\n<div style=\"text-align: left;\"><span style=\"color: #ffffff;\">.<\/span><\/div>\n<div style=\"text-align: left;\"><span style=\"color: #ffffff;\">.<\/span><\/div>\n<div style=\"text-align: left;\"><i>Pri\u00e8re authentique indulgenci\u00e9e par Saint Pie X, pour 300 jours d\u2019indulgence, une fois par jour (par int. De SS. Pie X. 8 juillet 1908).<br \/>\n\u00ab \u00c2mes d\u00e9vou\u00e9es \u00e0 la Tr\u00e8s Sainte M\u00e8re de Dieu et \u00e0 la sainte Eglise, r\u00e9citez cette pri\u00e8re chaque jour.<\/i><\/div>\n<div style=\"text-align: left;\"><i>Dans les cas difficiles, r\u00e9citez-la aussi neuf fois de suite, en neuvaine pour les neuf c\u0153urs des Anges, faites reproduire cette humble pri\u00e8re qui est un tr\u00e8s puissant exorcisme, et r\u00e9pandez-la \u00e0 profusion autour de vous et par toute la terre \u00bb.<\/i><\/div>\n<div style=\"text-align: left;\"><\/div>\n<div style=\"text-align: left;\">http:\/\/www.chretiensmagazine.fr<\/div>\n<div style=\"text-align: left;\"><\/div>\n<div style=\"text-align: left;\"><\/div>\n","protected":false},"excerpt":{"rendered":"<p>Le 13 janvier 1864, une \u00e2me accoutum\u00e9e aux bont\u00e9s de la Tr\u00e8s Sainte Vierge, le P\u00e8re Louis-Edouard Cestac, fondateur de la Congr\u00e9gation des Servantes de Marie, \u00e0 Anglet (Pyr\u00e9n\u00e9es Atlantique), fut subitement frapp\u00e9 comme d\u2019un rayon de clart\u00e9 divine. Il vit les d\u00e9mons r\u00e9pandus sur la terre, y causant des ravages inexprimables. En m\u00eame temps, [&hellip;]<\/p>\n","protected":false},"author":2,"featured_media":0,"comment_status":"closed","ping_status":"closed","sticky":false,"template":"","format":"standard","meta":{"footnotes":""},"categories":[27],"tags":[95,619,1259,1260,945,1189],"class_list":["post-9588","post","type-post","status-publish","format-standard","hentry","category-prieres","tag-archange-st-michel","tag-mal","tag-pere-cestac","tag-reine-des-anges","tag-saints","tag-vierge-marie"],"_links":{"self":[{"href":"https:\/\/www.associationdemarie.org\/blog\/wp-json\/wp\/v2\/posts\/9588","targetHints":{"allow":["GET"]}}],"collection":[{"href":"https:\/\/www.associationdemarie.org\/blog\/wp-json\/wp\/v2\/posts"}],"about":[{"href":"https:\/\/www.associationdemarie.org\/blog\/wp-json\/wp\/v2\/types\/post"}],"author":[{"embeddable":true,"href":"https:\/\/www.associationdemarie.org\/blog\/wp-json\/wp\/v2\/users\/2"}],"replies":[{"embeddable":true,"href":"https:\/\/www.associationdemarie.org\/blog\/wp-json\/wp\/v2\/comments?post=9588"}],"version-history":[{"count":3,"href":"https:\/\/www.associationdemarie.org\/blog\/wp-json\/wp\/v2\/posts\/9588\/revisions"}],"predecessor-version":[{"id":9592,"href":"https:\/\/www.associationdemarie.org\/blog\/wp-json\/wp\/v2\/posts\/9588\/revisions\/9592"}],"wp:attachment":[{"href":"https:\/\/www.associationdemarie.org\/blog\/wp-json\/wp\/v2\/media?parent=9588"}],"wp:term":[{"taxonomy":"category","embeddable":true,"href":"https:\/\/www.associationdemarie.org\/blog\/wp-json\/wp\/v2\/categories?post=9588"},{"taxonomy":"post_tag","embeddable":true,"href":"https:\/\/www.associationdemarie.org\/blog\/wp-json\/wp\/v2\/tags?post=9588"}],"curies":[{"name":"wp","href":"https:\/\/api.w.org\/{rel}","templated":true}]}}