{"id":9581,"date":"2014-06-13T01:31:21","date_gmt":"2014-06-13T00:31:21","guid":{"rendered":"http:\/\/www.associationdemarie.org\/blog\/?p=9581"},"modified":"2014-05-23T05:33:58","modified_gmt":"2014-05-23T04:33:58","slug":"st-antoine-de-padoue-docteur-de-leglise-1195-1231","status":"publish","type":"post","link":"https:\/\/www.associationdemarie.org\/blog\/st-antoine-de-padoue-docteur-de-leglise-1195-1231\/","title":{"rendered":"St Antoine de Padoue, docteur de l&rsquo;\u00c9glise (1195-1231)"},"content":{"rendered":"<div>\n<p><a href=\"https:\/\/www.associationdemarie.org\/blog\/wp-content\/uploads\/2012\/05\/St-Antoine.jpg\"><img loading=\"lazy\" decoding=\"async\" class=\"size-full wp-image-5740 alignright\" alt=\"St-Antoine\" src=\"https:\/\/www.associationdemarie.org\/blog\/wp-content\/uploads\/2012\/05\/St-Antoine.jpg\" width=\"198\" height=\"300\" \/><\/a><\/p>\n<table cellspacing=\"0\" cellpadding=\"0\" align=\"left\">\n<tbody>\n<tr>\n<td align=\"left\" valign=\"top\">A<\/td>\n<\/tr>\n<\/tbody>\n<\/table>\n<p>ntoine de Padoue\u00a0(au Portugal\u00a0:\u00a0Ant\u00f3nio de Lisboa), dans le si\u00e8cle Fernando Martim de Bulh\u00f5es, na\u00eet \u00e0 Lisbonne le 15 ao\u00fbt 1195, de la famille glorieuse de Godefroy de Bouillon premier roi de J\u00e9rusalem, dont une branche s&rsquo;\u00e9tait implant\u00e9e en Portugal.<\/p><\/div>\n<p>\u00c0 quinze ans il entra chez les Chanoines R\u00e9guliers de saint Augustin \u00e0 Co\u00efmbre, important centre d&rsquo;\u00e9tudes et de vie religieuse, o\u00f9 il fut ordonn\u00e9 pr\u00eatre.<\/p>\n<p>Lorsqu&rsquo;en 1220 les restes des premiers martyrs franciscains furent ramen\u00e9s du Maroc, Fernando entra dans l&rsquo;Ordre des Fr\u00e8res Mineurs et prit le nom d&rsquo;Antoine. A sa demande il fut envoy\u00e9 au Maroc, mais y tomba malade et dut rentrer en Europe ; son bateau fut jet\u00e9 par les vents sur la c\u00f4te de Sicile o\u00f9 il rencontra les fr\u00e8res de Messine et se rendit avec eux \u00e0 Assise pour le Chapitre g\u00e9n\u00e9ral de 1221. Il fut nomm\u00e9 pr\u00e9dicateur et professeur de th\u00e9ologie de ses fr\u00e8res \u00e0 Bologne puis \u00e0 Toulouse, Montpellier, Limoges, Milan et Padoue.<\/p>\n<p>En 1226 il est custode de Limoges et en 1227 il est Provincial de l&rsquo;Italie du nord, tout en enseignant la th\u00e9ologie et en participant \u00e0 des controverses avec les Albigeois. Mais au Chapitre de 1230 il renon\u00e7a \u00e0 sa charge de ministre provincial; il fut cependant envoy\u00e9 \u00e0 Rome o\u00f9 il joua le r\u00f4le de conseiller aupr\u00e8s de Gr\u00e9goire IX (Ugolino dei Conti di Segni, 1227-1241) dans le probl\u00e8me de la valeur obligatoire du Testament de saint Fran\u00e7ois.<\/p>\n<p>En 1231 il est envoy\u00e9 \u00e0 Padoue o\u00f9 ses pr\u00eaches pour le Car\u00eame sont m\u00e9morables. Apr\u00e8s l&rsquo;intense et dur travail du car\u00eame et de la p\u00e9riode pascale, les forces \u00e9taient \u00e9puis\u00e9es et Antoine, vraisemblablement \u00e0 partir du 19 mai, se retira dans l&rsquo;ermitage de Camposampiero, pr\u00e8s de Padoue.<\/p>\n<p>Vers la fin du printemps 1231, Antoine fut pris de malaise. D\u00e9pos\u00e9 sur un char tra\u00een\u00e9 par des b\u0153ufs, il fut transport\u00e9 \u00e0 Padoue, l\u00e0 o\u00f9 il avait demand\u00e9 de pouvoir mourir. Cependant, arriv\u00e9 \u00e0 l&rsquo;Arcella, un bourg \u00e0 la p\u00e9riph\u00e9rie de la ville, la mort le cueillit.<\/p>\n<p>Il expira en murmurant : \u00ab\u00a0<em>Je vois mon Seigneur<\/em>\u00a0\u00bb. C&rsquo;\u00e9tait le vendredi 13 juin. Il avait 36 ans.<\/p>\n<p><em>Gr\u00e9goire IX le canonisa le 30 mai de l&rsquo;ann\u00e9e suivante<\/em>. Depuis lors l&rsquo;Ordre entier le c\u00e9l\u00e9brait comme un\u00a0<em>Docteur de l&rsquo;\u00c9glise<\/em>, mais ce n&rsquo;est qu&rsquo;en 1946 que Pie XII lui donna officiellement le titre de \u00ab\u00a0<em>Doctor Evangelicus<\/em><em>\u00a0\u00bb<\/em>.<\/p>\n<div>\n<p align=\"center\">Pour approfondir, lire\u00a0la Cat\u00e9ch\u00e8se du Pape Beno\u00eet XVI :<br \/>\n<a href=\"http:\/\/www.vatican.va\/holy_father\/benedict_xvi\/audiences\/2010\/documents\/hf_ben-xvi_aud_20100210_fr.html\">\u00a0&gt;&gt;&gt;\u00a0\u00a0Saint Antoine de Padoue<\/a><br \/>\n[<a href=\"http:\/\/www.vatican.va\/holy_father\/benedict_xvi\/audiences\/2010\/documents\/hf_ben-xvi_aud_20100210_ge.html\">Allemand<\/a>,\u00a0<a href=\"http:\/\/www.vatican.va\/holy_father\/benedict_xvi\/audiences\/2010\/documents\/hf_ben-xvi_aud_20100210_en.html\">Anglais<\/a>,\u00a0<a href=\"http:\/\/www.vatican.va\/holy_father\/benedict_xvi\/audiences\/2010\/documents\/hf_ben-xvi_aud_20100210_hr.html\">Croate<\/a>,\u00a0<a href=\"http:\/\/www.vatican.va\/holy_father\/benedict_xvi\/audiences\/2010\/documents\/hf_ben-xvi_aud_20100210_sp.html\">Espagnol<\/a>,\u00a0<a href=\"http:\/\/www.vatican.va\/holy_father\/benedict_xvi\/audiences\/2010\/documents\/hf_ben-xvi_aud_20100210_fr.html\">Fran\u00e7ais<\/a>,\u00a0<a href=\"http:\/\/www.vatican.va\/holy_father\/benedict_xvi\/audiences\/2010\/documents\/hf_ben-xvi_aud_20100210_it.html\">Italien<\/a>,\u00a0<a href=\"http:\/\/www.vatican.va\/holy_father\/benedict_xvi\/audiences\/2010\/documents\/hf_ben-xvi_aud_20100210_po.html\">Portugais<\/a>]<br \/>\n<a href=\"http:\/\/www.google.fr\/url?sa=t&amp;rct=j&amp;q=http%3A%2F%2Fwww.saintantoine.org%2Fportale%2Fhome.asp&amp;source=web&amp;cd=1&amp;cad=rja&amp;sqi=2&amp;ved=0CC0QFjAA&amp;url=http%3A%2F%2Fwww.saintantoine.org%2F&amp;ei=OyWJUcDjDonKhAe16YDwDQ&amp;usg=AFQjCNGUG9cVNmXovO5_pWiUQkFf1YlCFA\">Et plus encore\u00a0:\u00a0&gt;&gt;&gt;\u00a0Le site du monde antonien<\/a><\/p>\n<\/div>\n<p>Sources principales : capucinsorient.org ; saintantoine.org\/ (\u00ab R\u00e9v. x gpm \u00bb).<\/p>\n<p>&nbsp;<\/p>\n<p>&nbsp;<\/p>\n<p>&nbsp;<\/p>\n<p><span style=\"color: #000000; font-family: Verdana; font-size: 12px; line-height: normal; background-color: #f1e1a3;\">\u00a0<\/span><\/p>\n","protected":false},"excerpt":{"rendered":"<p>A ntoine de Padoue\u00a0(au Portugal\u00a0:\u00a0Ant\u00f3nio de Lisboa), dans le si\u00e8cle Fernando Martim de Bulh\u00f5es, na\u00eet \u00e0 Lisbonne le 15 ao\u00fbt 1195, de la famille glorieuse de Godefroy de Bouillon premier roi de J\u00e9rusalem, dont une branche s&rsquo;\u00e9tait implant\u00e9e en Portugal. \u00c0 quinze ans il entra chez les Chanoines R\u00e9guliers de saint Augustin \u00e0 Co\u00efmbre, important [&hellip;]<\/p>\n","protected":false},"author":2,"featured_media":0,"comment_status":"closed","ping_status":"closed","sticky":false,"template":"","format":"standard","meta":{"footnotes":""},"categories":[3,15,28],"tags":[336,923,1010],"class_list":["post-9581","post","type-post","status-publish","format-standard","hentry","category-liturgique","category-histoire","category-saints-et-saintes","tag-eglise","tag-saint","tag-st-antoine-de-padoue"],"_links":{"self":[{"href":"https:\/\/www.associationdemarie.org\/blog\/wp-json\/wp\/v2\/posts\/9581","targetHints":{"allow":["GET"]}}],"collection":[{"href":"https:\/\/www.associationdemarie.org\/blog\/wp-json\/wp\/v2\/posts"}],"about":[{"href":"https:\/\/www.associationdemarie.org\/blog\/wp-json\/wp\/v2\/types\/post"}],"author":[{"embeddable":true,"href":"https:\/\/www.associationdemarie.org\/blog\/wp-json\/wp\/v2\/users\/2"}],"replies":[{"embeddable":true,"href":"https:\/\/www.associationdemarie.org\/blog\/wp-json\/wp\/v2\/comments?post=9581"}],"version-history":[{"count":2,"href":"https:\/\/www.associationdemarie.org\/blog\/wp-json\/wp\/v2\/posts\/9581\/revisions"}],"predecessor-version":[{"id":9583,"href":"https:\/\/www.associationdemarie.org\/blog\/wp-json\/wp\/v2\/posts\/9581\/revisions\/9583"}],"wp:attachment":[{"href":"https:\/\/www.associationdemarie.org\/blog\/wp-json\/wp\/v2\/media?parent=9581"}],"wp:term":[{"taxonomy":"category","embeddable":true,"href":"https:\/\/www.associationdemarie.org\/blog\/wp-json\/wp\/v2\/categories?post=9581"},{"taxonomy":"post_tag","embeddable":true,"href":"https:\/\/www.associationdemarie.org\/blog\/wp-json\/wp\/v2\/tags?post=9581"}],"curies":[{"name":"wp","href":"https:\/\/api.w.org\/{rel}","templated":true}]}}