{"id":9567,"date":"2015-07-01T03:49:31","date_gmt":"2015-07-01T02:49:31","guid":{"rendered":"http:\/\/www.associationdemarie.org\/blog\/?p=9567"},"modified":"2015-06-10T08:18:10","modified_gmt":"2015-06-10T07:18:10","slug":"neuvaine-au-precieux-sang-neuvieme-jour-et-fete","status":"publish","type":"post","link":"https:\/\/www.associationdemarie.org\/blog\/neuvaine-au-precieux-sang-neuvieme-jour-et-fete\/","title":{"rendered":"Neuvaine au Pr\u00e9cieux Sang &#8211; Neuvi\u00e8me jour et f\u00eate"},"content":{"rendered":"<p>Ce premier jour du mois de juillet (qui Lui est d\u00e9di\u00e9 tout entier) a \u00e9t\u00e9 consacr\u00e9 \u00e0 honorer le\u00a0<i>Sang tr\u00e8s Pr\u00e9cieux<\/i>\u00a0de J\u00e9sus-Christ, ce Sang qu\u2019Il r\u00e9pandit au Calvaire et au prix duquel nous avons \u00e9t\u00e9 rachet\u00e9s. Il m\u00e9rite, certes, nos hommages de respect et de reconnaissance.<\/p>\n<p>Aussi l\u2019\u00c9glise Le propose \u00e0 la d\u00e9votion sp\u00e9ciale des Chr\u00e9tiens, pendant le mois de juillet. C\u2019est bien, en effet, la meilleure mani\u00e8re de continuer la d\u00e9votion au Sacr\u00e9-C\u0153ur, qui a \u00e9t\u00e9 pratiqu\u00e9e pendant le mois de juin. C\u2019est le C\u0153ur de\u00a0J\u00e9sus qui a \u00e9labor\u00e9 et distribu\u00e9 dans les veines de Son sacr\u00e9 Corps ce Sang adorable.<\/p>\n<p>On peut comparer Son C\u0153ur divin \u00e0 cette fontaine que l\u2019on voyait dans le Paradis terrestre et de laquelle partaient quatre fleuves ou canaux qui portaient partout la fra\u00eecheur et la fertilit\u00e9.<\/p>\n<p>Du C\u0153ur de J\u00e9sus, comme de leur source, partent ces canaux que nous appelons Sacrements, et qui portent dans le monde la purification et la f\u00e9condit\u00e9\u00a0:\u00a0<i>Sanguis Jesu Christi emundat nos<\/i>. (Jean,\u00a0I,\u00a07)<\/p>\n<p>Le premier promoteur de la d\u00e9votion au Pr\u00e9cieux Sang fut St Gaspar de Bufalo,\u00a0qui fonda une congr\u00e9gation du nom de\u00a0<i>Pr\u00eatres du Pr\u00e9cieux\u00a0Sang<\/i>.<\/p>\n<p style=\"text-align: center;\"><a href=\"https:\/\/www.associationdemarie.org\/blog\/wp-content\/uploads\/2013\/06\/919.jpg\"><img loading=\"lazy\" decoding=\"async\" class=\"aligncenter  wp-image-7701\" src=\"https:\/\/www.associationdemarie.org\/blog\/wp-content\/uploads\/2013\/06\/919.jpg\" alt=\"Pr\u00e9cieux sang\" width=\"448\" height=\"238\" srcset=\"https:\/\/www.associationdemarie.org\/blog\/wp-content\/uploads\/2013\/06\/919.jpg 560w, https:\/\/www.associationdemarie.org\/blog\/wp-content\/uploads\/2013\/06\/919-300x159.jpg 300w\" sizes=\"auto, (max-width: 448px) 100vw, 448px\" \/><\/a><\/p>\n<p>Lectures du 9\u00e8me jour : Apocalypse St Jean 5, 1-10<\/p>\n<p>Et je vis dans la main droite de Celui qui si\u00e8ge sur le tr\u00f4ne un livre roul\u00e9, \u00e9crit au recto et au verso, et scell\u00e9 de sept sceaux. Et je vis un Ange puissant proclamant \u00e0 pleine voix: \u00ab\u00a0Qui est digne d&rsquo;ouvrir le livre et d&rsquo;en briser les sceaux ?\u00a0\u00bb Mais nul n&rsquo;\u00e9tait capable, ni dans le ciel, ni sur la terre, ni sous la terre, d&rsquo;ouvrir le livre et de le lire. Et je pleurais fort de ce que nul ne s&rsquo;\u00e9tait trouv\u00e9 digne d&rsquo;ouvrir le livre et de le lire. L&rsquo;un des Vieillards me dit alors: \u00ab\u00a0Ne pleure pas. Voici: il a remport\u00e9 la victoire, le Lion de la tribu de Juda, le Rejeton de David; il ouvrira donc le livre aux sept sceaux.\u00a0\u00bb<br \/>\nAlors je vis, debout entre le tr\u00f4ne aux quatre Vivants et les Vieillards, un Agneau, comme \u00e9gorg\u00e9, portant sept cornes et sept yeux, qui sont les sept Esprits de Dieu en mission par toute la terre. Il s&rsquo;en vint prendre le livre dans la main droite de Celui qui si\u00e8ge sur le tr\u00f4ne. Quand il l&rsquo;eut pris, les quatre Vivants et les 24 Vieillards se prostern\u00e8rent devant l&rsquo;Agneau, tenant chacun une harpe et des coupes d&rsquo;or pleines de parfums, les pri\u00e8res des saints; ils chantaient un cantique nouveau :<br \/>\n\u00ab\u00a0Tu es digne de prendre le livre et d&rsquo;en ouvrir les sceaux, car tu fus \u00e9gorg\u00e9 et tu rachetas pour Dieu, au prix de ton sang, des hommes de toute race, langue, peuple et nation ; tu as fait d&rsquo;eux pour notre Dieu une Royaut\u00e9 de Pr\u00eatres r\u00e9gnant sur la terre.\u00a0\u00bb<\/p>\n<p style=\"text-align: left;\"><a href=\"https:\/\/www.associationdemarie.org\/blog\/wp-content\/uploads\/2014\/05\/Agneauimmole.jpg\"><img loading=\"lazy\" decoding=\"async\" class=\"aligncenter  wp-image-9568\" src=\"https:\/\/www.associationdemarie.org\/blog\/wp-content\/uploads\/2014\/05\/Agneauimmole.jpg\" alt=\"Agneauimmole\" width=\"227\" height=\"226\" srcset=\"https:\/\/www.associationdemarie.org\/blog\/wp-content\/uploads\/2014\/05\/Agneauimmole.jpg 473w, https:\/\/www.associationdemarie.org\/blog\/wp-content\/uploads\/2014\/05\/Agneauimmole-150x150.jpg 150w, https:\/\/www.associationdemarie.org\/blog\/wp-content\/uploads\/2014\/05\/Agneauimmole-300x300.jpg 300w\" sizes=\"auto, (max-width: 227px) 100vw, 227px\" \/><\/a><\/p>\n<p>Et Apocalypse 7, 9-17 :<\/p>\n<p>Apr\u00e8s quoi, voici qu&rsquo;apparut \u00e0 mes yeux une foule immense, que nul ne pouvait d\u00e9nombrer, de toute nation, race, peuple et langue; debout devant le tr\u00f4ne et devant l&rsquo;Agneau, v\u00eatus de robes blanches, des palmes \u00e0 la main, ils criaient d&rsquo;une voix puissante : \u00ab\u00a0Le salut \u00e0 notre Dieu, qui si\u00e8ge sur le tr\u00f4ne, ainsi qu&rsquo;\u00e0 l&rsquo;Agneau!\u00a0\u00bb Et tous les Anges en cercle autour du tr\u00f4ne, des Vieillards et des quatre Vivants, se prostern\u00e8rent devant le tr\u00f4ne, la face contre terre, pour adorer Dieu; ils disaient : \u00ab\u00a0Amen !<br \/>\nLouange, gloire, sagesse, action de gr\u00e2ces, honneur, puissance et force \u00e0 notre Dieu pour les si\u00e8cles des si\u00e8cles ! Amen !\u00a0\u00bb<br \/>\nL&rsquo;un des Vieillards prit alors la parole et me dit : \u00ab\u00a0Ces gens v\u00eatus de robes blanches, qui sont-ils et d&rsquo;o\u00f9 viennent-ils ?\u00a0\u00bb Et moi de r\u00e9pondre : \u00ab\u00a0Monseigneur, c&rsquo;est toi qui le sais.\u00a0\u00bb Il reprit : \u00ab\u00a0Ce sont ceux qui viennent de la grande \u00e9preuve: ils ont lav\u00e9 leurs robes et les ont blanchies dans le sang de l&rsquo;Agneau. C&rsquo;est pourquoi ils sont devant le tr\u00f4ne de Dieu, le servant jour et nuit dans son temple; et Celui qui si\u00e8ge sur le tr\u00f4ne \u00e9tendra sur eux sa tente. Jamais plus ils ne souffriront de la faim ni de la soif ; jamais plus ils ne seront accabl\u00e9s ni par le soleil, ni par aucun vent br\u00fblant. Car l&rsquo;Agneau qui se tient au milieu du tr\u00f4ne sera leur pasteur et les conduira aux sources des eaux de la vie. Et Dieu essuiera toute larme de leurs yeux.\u00a0\u00bb<\/p>\n<p style=\"text-align: center;\"><a href=\"https:\/\/www.associationdemarie.org\/blog\/wp-content\/uploads\/2014\/05\/apocalypse460.jpg\"><img loading=\"lazy\" decoding=\"async\" class=\"aligncenter  wp-image-9569\" src=\"https:\/\/www.associationdemarie.org\/blog\/wp-content\/uploads\/2014\/05\/apocalypse460.jpg\" alt=\"apocalypse460\" width=\"221\" height=\"221\" srcset=\"https:\/\/www.associationdemarie.org\/blog\/wp-content\/uploads\/2014\/05\/apocalypse460.jpg 460w, https:\/\/www.associationdemarie.org\/blog\/wp-content\/uploads\/2014\/05\/apocalypse460-150x150.jpg 150w, https:\/\/www.associationdemarie.org\/blog\/wp-content\/uploads\/2014\/05\/apocalypse460-300x300.jpg 300w\" sizes=\"auto, (max-width: 221px) 100vw, 221px\" \/><\/a><\/p>\n<p>Commentaire : Tout est accompli ! La mort est morte ! La souffrance et le mal aussi. Ces lectures proclament l\u2019Agneau immol\u00e9, J\u00e9sus-Christ, comme le \u00ab\u00a0seul digne de prendre le Livre et d\u2019en ouvrir les sceaux, car il a rachet\u00e9 les hommes par son Sang vers\u00e9.<br \/>\nPour cela, Dieu l\u2019a \u00e9lev\u00e9 en gloire et toutes les cr\u00e9atures qui sont dans le ciel, sur la terre, sous la terre, sur la mer, et tout ce qui s&rsquo;y trouve, disent: A celui qui est assis sur le tr\u00f4ne, et \u00e0 l&rsquo;Agneau, soient la louange, l&rsquo;honneur, la gloire, et la force, aux si\u00e8cles des si\u00e8cles!\u00a0\u00bb Et avec eux, \u00e9tablis dans cette gloire, se trouve \u00ab\u00a0la foule des saints, rev\u00eatus de robes blanches\u2026 ils ont lav\u00e9 leurs robes, et ils les ont blanchies dans le Sang de l&rsquo;Agneau\u2026 Ils n\u2019auront plus faim, ils n\u2019auront plus soif.\u00a0\u00bb C\u2019est la promesse de J\u00e9sus dans Jean 6, 54, (lecture du 4\u00e8me jour).<br \/>\nC\u2019est la promesse que notre Seigneur et notre Dieu fait aussi \u00e0 chacun de nous.<\/p>\n<p><strong>Que le Sang pr\u00e9cieux de J\u00e9sus-Christ nous d\u00e9livre, nous garde et nous prot\u00e8ge \u00e9ternellement !\u00a0<\/strong><br \/>\n<strong>Amen !<\/strong><\/p>\n","protected":false},"excerpt":{"rendered":"<p>Ce premier jour du mois de juillet (qui Lui est d\u00e9di\u00e9 tout entier) a \u00e9t\u00e9 consacr\u00e9 \u00e0 honorer le\u00a0Sang tr\u00e8s Pr\u00e9cieux\u00a0de J\u00e9sus-Christ, ce Sang qu\u2019Il r\u00e9pandit au Calvaire et au prix duquel nous avons \u00e9t\u00e9 rachet\u00e9s. Il m\u00e9rite, certes, nos hommages de respect et de reconnaissance. Aussi l\u2019\u00c9glise Le propose \u00e0 la d\u00e9votion sp\u00e9ciale des [&hellip;]<\/p>\n","protected":false},"author":2,"featured_media":0,"comment_status":"closed","ping_status":"closed","sticky":false,"template":"","format":"standard","meta":{"footnotes":""},"categories":[13,1258,27],"tags":[712,819],"class_list":["post-9567","post","type-post","status-publish","format-standard","hentry","category-ecritures","category-neuvaine-au-tres-precieux-sang","category-prieres","tag-neuvaine","tag-precieux-sang"],"_links":{"self":[{"href":"https:\/\/www.associationdemarie.org\/blog\/wp-json\/wp\/v2\/posts\/9567","targetHints":{"allow":["GET"]}}],"collection":[{"href":"https:\/\/www.associationdemarie.org\/blog\/wp-json\/wp\/v2\/posts"}],"about":[{"href":"https:\/\/www.associationdemarie.org\/blog\/wp-json\/wp\/v2\/types\/post"}],"author":[{"embeddable":true,"href":"https:\/\/www.associationdemarie.org\/blog\/wp-json\/wp\/v2\/users\/2"}],"replies":[{"embeddable":true,"href":"https:\/\/www.associationdemarie.org\/blog\/wp-json\/wp\/v2\/comments?post=9567"}],"version-history":[{"count":6,"href":"https:\/\/www.associationdemarie.org\/blog\/wp-json\/wp\/v2\/posts\/9567\/revisions"}],"predecessor-version":[{"id":11357,"href":"https:\/\/www.associationdemarie.org\/blog\/wp-json\/wp\/v2\/posts\/9567\/revisions\/11357"}],"wp:attachment":[{"href":"https:\/\/www.associationdemarie.org\/blog\/wp-json\/wp\/v2\/media?parent=9567"}],"wp:term":[{"taxonomy":"category","embeddable":true,"href":"https:\/\/www.associationdemarie.org\/blog\/wp-json\/wp\/v2\/categories?post=9567"},{"taxonomy":"post_tag","embeddable":true,"href":"https:\/\/www.associationdemarie.org\/blog\/wp-json\/wp\/v2\/tags?post=9567"}],"curies":[{"name":"wp","href":"https:\/\/api.w.org\/{rel}","templated":true}]}}