{"id":9509,"date":"2014-06-10T01:25:09","date_gmt":"2014-06-10T00:25:09","guid":{"rendered":"http:\/\/www.associationdemarie.org\/blog\/?p=9509"},"modified":"2014-05-20T05:31:33","modified_gmt":"2014-05-20T04:31:33","slug":"etre-lumiere-du-monde-parce-quon-a-recu-la-lumiere-du-monde-jn-812","status":"publish","type":"post","link":"https:\/\/www.associationdemarie.org\/blog\/etre-lumiere-du-monde-parce-quon-a-recu-la-lumiere-du-monde-jn-812\/","title":{"rendered":"\u00catre lumi\u00e8re du monde parce qu\u2019on a re\u00e7u la lumi\u00e8re du monde (Jn 8,12)"},"content":{"rendered":"<p><a href=\"https:\/\/www.associationdemarie.org\/blog\/wp-content\/uploads\/2014\/05\/610.jpg\"><img loading=\"lazy\" decoding=\"async\" class=\"aligncenter size-full wp-image-9510\" alt=\"610\" src=\"https:\/\/www.associationdemarie.org\/blog\/wp-content\/uploads\/2014\/05\/610.jpg\" width=\"345\" height=\"258\" srcset=\"https:\/\/www.associationdemarie.org\/blog\/wp-content\/uploads\/2014\/05\/610.jpg 345w, https:\/\/www.associationdemarie.org\/blog\/wp-content\/uploads\/2014\/05\/610-300x224.jpg 300w\" sizes=\"auto, (max-width: 345px) 100vw, 345px\" \/><\/a><\/p>\n<p>J\u2019ai cherch\u00e9 la v\u00e9rit\u00e9, et je ne l\u2019ai pas trouv\u00e9e ; j\u2019ai cherch\u00e9 la charit\u00e9, et j\u2019ai seulement vu chez les hommes quelques \u00e9tincelles qui n\u2019ont pas rempli mon c\u0153ur assoiff\u00e9 d\u2019elle ; j\u2019ai cherch\u00e9 la paix, et j\u2019ai vu qu\u2019il n\u2019y a pas de paix sur terre. Cette illusion est pass\u00e9e ; elle est pass\u00e9e doucement, sans que je m\u2019en aper\u00e7oive ; le Seigneur, qui m\u2019avait illusionn\u00e9 pour m\u2019attirer \u00e0 lui, m\u2019a ouvert les yeux, et comme je suis heureux maintenant ! \u00ab Que cherches-tu parmi les hommes ?, me dit-il. Que cherches-tu sur cette terre dans laquelle tu es un p\u00e8lerin ? Quelle paix d\u00e9sires-tu ? \u00bb Le Seigneur est bon\u2026; je vois maintenant clairement que la paix v\u00e9ritable se trouve en Dieu ; qu\u2019en J\u00e9sus se trouve la v\u00e9ritable charit\u00e9 ; que le Christ est l\u2019unique v\u00e9rit\u00e9\u2026<\/p>\n<p>Puisque tu m\u2019as donn\u00e9 la lumi\u00e8re pour voir et comprendre, donne-moi maintenant, Seigneur, un c\u0153ur tr\u00e8s grand, tr\u00e8s grand, pour aimer ces hommes, qui sont tes enfants, mes fr\u00e8res, et dans lesquels mon \u00e9norme orgueil voyait des fautes, sans me voir moi-m\u00eame par contre. Si tu avais donn\u00e9 ce que tu m\u2019as donn\u00e9 au dernier d\u2019entre eux ? Mais tu fais bien toutes choses. Mon \u00e2me pleure mes anciennes manies, mes anciennes habitudes ; elle ne cherche plus la perfection dans l\u2019homme ; elle ne pleure plus quand elle ne trouve pas d\u2019endroit \u00ab pour se reposer \u00bb (Mt 8,20). Elle poss\u00e8de tout. Toi, mon Dieu, tu es celui qui remplis mon \u00e2me ; tu es ma joie ; tu es ma paix et mon r\u00e9confort. Toi, Seigneur, tu es mon refuge, ma forteresse, ma vie, ma lumi\u00e8re, ma consolation, mon unique v\u00e9rit\u00e9 et mon unique amour. Je suis heureux ! Je poss\u00e8de tout !<\/p>\n<p>Saint Rapha\u00ebl Arnaiz Baron (1911-1938), moine trappiste espagnol<br \/>\n<i>\u00c9crits spirituels, 12\/04\/1938 (trad. Cerf 2008, p. 408)<\/i><\/p>\n","protected":false},"excerpt":{"rendered":"<p>J\u2019ai cherch\u00e9 la v\u00e9rit\u00e9, et je ne l\u2019ai pas trouv\u00e9e ; j\u2019ai cherch\u00e9 la charit\u00e9, et j\u2019ai seulement vu chez les hommes quelques \u00e9tincelles qui n\u2019ont pas rempli mon c\u0153ur assoiff\u00e9 d\u2019elle ; j\u2019ai cherch\u00e9 la paix, et j\u2019ai vu qu\u2019il n\u2019y a pas de paix sur terre. Cette illusion est pass\u00e9e ; elle est [&hellip;]<\/p>\n","protected":false},"author":2,"featured_media":0,"comment_status":"closed","ping_status":"closed","sticky":false,"template":"","format":"standard","meta":{"footnotes":""},"categories":[3,13,26,28],"tags":[600,830,1257,967,1075],"class_list":["post-9509","post","type-post","status-publish","format-standard","hentry","category-liturgique","category-ecritures","category-priere-des-ames","category-saints-et-saintes","tag-lumiere","tag-priere","tag-refuge","tag-seigneur","tag-st-raphael-arnaiz-baron"],"_links":{"self":[{"href":"https:\/\/www.associationdemarie.org\/blog\/wp-json\/wp\/v2\/posts\/9509","targetHints":{"allow":["GET"]}}],"collection":[{"href":"https:\/\/www.associationdemarie.org\/blog\/wp-json\/wp\/v2\/posts"}],"about":[{"href":"https:\/\/www.associationdemarie.org\/blog\/wp-json\/wp\/v2\/types\/post"}],"author":[{"embeddable":true,"href":"https:\/\/www.associationdemarie.org\/blog\/wp-json\/wp\/v2\/users\/2"}],"replies":[{"embeddable":true,"href":"https:\/\/www.associationdemarie.org\/blog\/wp-json\/wp\/v2\/comments?post=9509"}],"version-history":[{"count":1,"href":"https:\/\/www.associationdemarie.org\/blog\/wp-json\/wp\/v2\/posts\/9509\/revisions"}],"predecessor-version":[{"id":9511,"href":"https:\/\/www.associationdemarie.org\/blog\/wp-json\/wp\/v2\/posts\/9509\/revisions\/9511"}],"wp:attachment":[{"href":"https:\/\/www.associationdemarie.org\/blog\/wp-json\/wp\/v2\/media?parent=9509"}],"wp:term":[{"taxonomy":"category","embeddable":true,"href":"https:\/\/www.associationdemarie.org\/blog\/wp-json\/wp\/v2\/categories?post=9509"},{"taxonomy":"post_tag","embeddable":true,"href":"https:\/\/www.associationdemarie.org\/blog\/wp-json\/wp\/v2\/tags?post=9509"}],"curies":[{"name":"wp","href":"https:\/\/api.w.org\/{rel}","templated":true}]}}