{"id":9487,"date":"2014-06-06T02:14:20","date_gmt":"2014-06-06T01:14:20","guid":{"rendered":"http:\/\/www.associationdemarie.org\/blog\/?p=9487"},"modified":"2014-05-16T22:16:50","modified_gmt":"2014-05-16T21:16:50","slug":"evangile-de-jesus-christ-selon-saint-jean-2115-19","status":"publish","type":"post","link":"https:\/\/www.associationdemarie.org\/blog\/evangile-de-jesus-christ-selon-saint-jean-2115-19\/","title":{"rendered":"\u00c9vangile de J\u00e9sus Christ selon saint Jean 21,15-19."},"content":{"rendered":"<p><span>A<\/span>pr\u00e8s le repas au bord du lac, J\u00e9sus ressuscit\u00e9 dit \u00e0 Simon-Pierre\u00a0: \u00ab\u00a0Simon, fils de Jean, m&rsquo;aimes-tu plus que ceux-ci\u00a0?\u00a0\u00bb Il lui r\u00e9pond\u00a0: \u00ab\u00a0Oui, Seigneur, je t&rsquo;aime, tu le sais.\u00a0\u00bb J\u00e9sus lui dit\u00a0: \u00ab\u00a0Sois le berger de mes agneaux.\u00a0\u00bb<br \/>\nIl lui dit une deuxi\u00e8me fois\u00a0: \u00ab\u00a0Simon, fils de Jean, m&rsquo;aimes-tu\u00a0?\u00a0\u00bb Il lui r\u00e9pond\u00a0: \u00ab\u00a0Oui, Seigneur, je t&rsquo;aime, tu le sais.\u00a0\u00bb J\u00e9sus lui dit\u00a0: \u00ab\u00a0Sois le pasteur de mes brebis.\u00a0\u00bb<br \/>\nIl lui dit, pour la troisi\u00e8me fois\u00a0: \u00ab\u00a0Simon, fils de Jean, est-ce que tu m&rsquo;aimes\u00a0?\u00a0\u00bb Pierre fut pein\u00e9 parce que, pour la troisi\u00e8me fois, il lui demandait\u00a0: \u00ab\u00a0Est-ce que tu m&rsquo;aimes\u00a0?\u00a0\u00bb et il r\u00e9pondit\u00a0: \u00ab\u00a0Seigneur, tu sais tout\u00a0: tu sais bien que je t&rsquo;aime.\u00a0\u00bb J\u00e9sus lui dit\u00a0: \u00ab\u00a0Sois le berger de mes brebis.<br \/>\nAmen, amen, je te le dis\u00a0: quand tu \u00e9tais jeune, tu mettais ta ceinture toi-m\u00eame pour aller l\u00e0 o\u00f9 tu voulais\u00a0; quand tu seras vieux, tu \u00e9tendras les mains, et c&rsquo;est un autre qui te mettra ta ceinture, pour t&#8217;emmener l\u00e0 o\u00f9 tu ne voudrais pas aller.\u00a0\u00bb<br \/>\nJ\u00e9sus disait cela pour signifier par quel genre de mort Pierre rendrait gloire \u00e0 Dieu. Puis il lui dit encore\u00a0: \u00ab\u00a0Suis-moi.\u00a0\u00bb<\/p>\n<p><a href=\"https:\/\/www.associationdemarie.org\/blog\/wp-content\/uploads\/2014\/05\/pierre_pic.gif\"><img loading=\"lazy\" decoding=\"async\" class=\"aligncenter size-full wp-image-9488\" alt=\"pierre_pic\" src=\"https:\/\/www.associationdemarie.org\/blog\/wp-content\/uploads\/2014\/05\/pierre_pic.gif\" width=\"299\" height=\"195\" \/><\/a><\/p>\n<p>J\u2019aper\u00e7ois tous les bons pasteurs dans l&rsquo;unique Pasteur (Jn 10,14). Les bons pasteurs, \u00e0 vrai dire, ne sont pas plusieurs ; ils sont un dans un seul. S&rsquo;ils \u00e9taient plusieurs, ils seraient divis\u00e9s\u2026; si le Seigneur a confi\u00e9 son troupeau \u00e0 Pierre, c&rsquo;\u00e9tait pour mettre l&rsquo;unit\u00e9 en valeur en lui. Les ap\u00f4tres \u00e9taient plusieurs, mais il est dit \u00e0 seulement l&rsquo;un d&rsquo;entre eux : \u00ab Pais mes brebis \u00bb&#8230; Effectivement lorsque le Christ lui confiait ses brebis comme \u00e0 un autre lui-m\u00eame, il voulait qu\u2019il ne fasse qu\u2019un avec lui. Le Sauveur serait la T\u00eate, Pierre repr\u00e9senterait le corps de l&rsquo;\u00c9glise (Col 1,18)&#8230; Que lui dit-il avant de lui confier ses brebis pour qu&rsquo;il ne les re\u00e7oive pas comme un \u00e9tranger ? \u00ab Pierre, m&rsquo;aimes-tu ? \u00bb Et Pierre r\u00e9pond : \u00ab Je t\u2019aime. \u00bb Une seconde fois : \u00ab M&rsquo;aimes-tu ? \u00bb, et une seconde fois : \u00ab Je t\u2019aime. \u00bb Une troisi\u00e8me fois : \u00ab M&rsquo;aimes-tu ? \u00bb, et Pierre r\u00e9pond une troisi\u00e8me fois : \u00ab Je t\u2019aime. \u00bb C&rsquo;\u00e9tait fortifier l\u2019amour, pour consolider l&rsquo;unit\u00e9.<\/p>\n<p>C\u2019est donc J\u00e9sus seul qui est le berger en ses pasteurs, et eux le sont en lui seul\u2026\u00a0\u00a0Ce n&rsquo;\u00e9tait pas pour annoncer un temps malheureux que Dieu a dit par son proph\u00e8te : \u00ab Je ferai pa\u00eetre mes brebis moi-m\u00eame \u00bb, comme s&rsquo;il n&rsquo;avait personne \u00e0 qui les confier. Lorsque Pierre \u00e9tait encore vivant, lorsque les ap\u00f4tres \u00e9taient encore dans cette chair et dans ce monde, cet unique Pasteur en qui sont r\u00e9unis tous les pasteurs, ne disait-il pas : \u00ab J&rsquo;ai d&rsquo;autres brebis qui ne sont pas encore de cette bergerie ; il faut que je les y am\u00e8ne aussi, afin qu&rsquo;il n&rsquo;y ait qu&rsquo;un troupeau et qu&rsquo;un pasteur \u00bb ? (Jn 10,16) Tous les pasteurs doivent donc \u00eatre dans l&rsquo;unique Pasteur ; tous ils doivent faire entendre seulement sa voix aux brebis\u2026 Tous doivent tenir en lui le m\u00eame langage, sans voix discordantes. \u00ab Je vous exhorte, fr\u00e8res, d&rsquo;avoir tous le m\u00eame langage et de ne pas tol\u00e9rer de divisions parmi vous \u00bb (1Co 1,10). Cette voix, d\u00e9barrass\u00e9e de toute division, pure de toute h\u00e9r\u00e9sie, doit \u00eatre entendue par les brebis, afin qu&rsquo;elles suivent le Pasteur qui leur dit : \u00ab Mes brebis entendent ma voix et me suivent \u00bb (Jn 10,27).<\/p>\n<p>Saint Augustin (354-430), \u00e9v\u00eaque d&rsquo;Hippone (Afrique du Nord) et docteur de l&rsquo;\u00c9glise<br \/>\n<i>Sermon 46, Sur les pasteurs, \u00a730 (trad. cf br\u00e9viaire 25e vendr.)<\/i><\/p>\n","protected":false},"excerpt":{"rendered":"<p>Apr\u00e8s le repas au bord du lac, J\u00e9sus ressuscit\u00e9 dit \u00e0 Simon-Pierre\u00a0: \u00ab\u00a0Simon, fils de Jean, m&rsquo;aimes-tu plus que ceux-ci\u00a0?\u00a0\u00bb Il lui r\u00e9pond\u00a0: \u00ab\u00a0Oui, Seigneur, je t&rsquo;aime, tu le sais.\u00a0\u00bb J\u00e9sus lui dit\u00a0: \u00ab\u00a0Sois le berger de mes agneaux.\u00a0\u00bb Il lui dit une deuxi\u00e8me fois\u00a0: \u00ab\u00a0Simon, fils de Jean, m&rsquo;aimes-tu\u00a0?\u00a0\u00bb Il lui r\u00e9pond\u00a0: \u00ab\u00a0Oui, Seigneur, [&hellip;]<\/p>\n","protected":false},"author":2,"featured_media":0,"comment_status":"closed","ping_status":"closed","sticky":false,"template":"","format":"standard","meta":{"footnotes":""},"categories":[3,13,28],"tags":[143,331,389,535,1012,1041,1071],"class_list":["post-9487","post","type-post","status-publish","format-standard","hentry","category-liturgique","category-ecritures","category-saints-et-saintes","tag-berger","tag-ecriture","tag-evangile","tag-jesus","tag-st-augustin","tag-st-jean","tag-st-pierre"],"_links":{"self":[{"href":"https:\/\/www.associationdemarie.org\/blog\/wp-json\/wp\/v2\/posts\/9487","targetHints":{"allow":["GET"]}}],"collection":[{"href":"https:\/\/www.associationdemarie.org\/blog\/wp-json\/wp\/v2\/posts"}],"about":[{"href":"https:\/\/www.associationdemarie.org\/blog\/wp-json\/wp\/v2\/types\/post"}],"author":[{"embeddable":true,"href":"https:\/\/www.associationdemarie.org\/blog\/wp-json\/wp\/v2\/users\/2"}],"replies":[{"embeddable":true,"href":"https:\/\/www.associationdemarie.org\/blog\/wp-json\/wp\/v2\/comments?post=9487"}],"version-history":[{"count":1,"href":"https:\/\/www.associationdemarie.org\/blog\/wp-json\/wp\/v2\/posts\/9487\/revisions"}],"predecessor-version":[{"id":9489,"href":"https:\/\/www.associationdemarie.org\/blog\/wp-json\/wp\/v2\/posts\/9487\/revisions\/9489"}],"wp:attachment":[{"href":"https:\/\/www.associationdemarie.org\/blog\/wp-json\/wp\/v2\/media?parent=9487"}],"wp:term":[{"taxonomy":"category","embeddable":true,"href":"https:\/\/www.associationdemarie.org\/blog\/wp-json\/wp\/v2\/categories?post=9487"},{"taxonomy":"post_tag","embeddable":true,"href":"https:\/\/www.associationdemarie.org\/blog\/wp-json\/wp\/v2\/tags?post=9487"}],"curies":[{"name":"wp","href":"https:\/\/api.w.org\/{rel}","templated":true}]}}