{"id":9469,"date":"2014-06-02T01:10:16","date_gmt":"2014-06-02T00:10:16","guid":{"rendered":"http:\/\/www.associationdemarie.org\/blog\/?p=9469"},"modified":"2014-05-12T05:16:04","modified_gmt":"2014-05-12T04:16:04","slug":"je-vous-ai-dit-tout-cela-pour-que-vous-trouviez-en-moi-la-paix","status":"publish","type":"post","link":"https:\/\/www.associationdemarie.org\/blog\/je-vous-ai-dit-tout-cela-pour-que-vous-trouviez-en-moi-la-paix\/","title":{"rendered":"\u00ab Je vous ai dit tout cela pour que vous trouviez en moi la paix. \u00bb"},"content":{"rendered":"<p><a href=\"https:\/\/www.associationdemarie.org\/blog\/wp-content\/uploads\/2014\/05\/paix.jpg\"><img loading=\"lazy\" decoding=\"async\" class=\"aligncenter size-full wp-image-9470\" alt=\"paix\" src=\"https:\/\/www.associationdemarie.org\/blog\/wp-content\/uploads\/2014\/05\/paix.jpg\" width=\"400\" height=\"256\" srcset=\"https:\/\/www.associationdemarie.org\/blog\/wp-content\/uploads\/2014\/05\/paix.jpg 400w, https:\/\/www.associationdemarie.org\/blog\/wp-content\/uploads\/2014\/05\/paix-300x192.jpg 300w\" sizes=\"auto, (max-width: 400px) 100vw, 400px\" \/><\/a><\/p>\n<p>\u00ab\u00a0Seigneur mon Dieu, je vois combien la patience m\u2019est n\u00e9cessaire ; car cette vie est pleine de contradictions. Elle ne peut jamais \u00eatre exempte de douleurs et de combats, quoi que je fasse pour avoir la paix. \u2014Il en est ainsi, mon enfant ; mais je ne veux pas que tu cherches une paix telle que tu n\u2019aies ni tentations \u00e0 vaincre, ni contrari\u00e9t\u00e9s \u00e0 souffrir. Crois, au contraire, avoir trouv\u00e9 la paix lorsque tu seras exerc\u00e9 par beaucoup de tribulations et \u00e9prouv\u00e9 par beaucoup de contrari\u00e9t\u00e9s \u00bb (L&rsquo;Imitation de J\u00e9sus Christ, 3, 12)\u2026<\/p>\n<p>Comme nous nous trompons quelquefois, nous qui cherchons la vraie paix de Dieu !&#8230; C\u2019est que, souvent, ce que nous cherchons n\u2019est pas la paix de Dieu, mais plut\u00f4t la paix du monde\u2026Quand le monde cherche la paix, c\u2019est ainsi qu\u2019il la con\u00e7oit : silence, qui\u00e9tude, amour sans larmes, beaucoup d\u2019\u00e9go\u00efsme camoufl\u00e9. L\u2019homme cherche cette paix-l\u00e0 pour se reposer, pour ne pas souffrir ; il cherche la paix des hommes, la paix sensible, cette paix que le monde repr\u00e9sente dans un clo\u00eetre sous le soleil, avec des cypr\u00e8s et des oiseaux ; cette paix sans tentations et sans croix&#8230;<\/p>\n<p>Aujourd\u2019hui je b\u00e9nis du fond de mon \u00e2me ce Dieu qui m\u2019aime tant\u2026 Il m\u2019aime avec mes mis\u00e8res, mes p\u00e9ch\u00e9s, mes larmes et mes joies ; il me veut dans cette paix dont parle Thomas de Kempis [dans L\u2019Imitation]\u2026 Que Dieu est grand ! La paix de mon \u00e2me est la paix de celui qui n\u2019attend rien de personne. Ce que l\u2019\u00e2me attend en ce monde, c\u2019est seulement le d\u00e9sir de vivre unie \u00e0 sa volont\u00e9 ; et cette attente est sereine, dans la paix, malgr\u00e9 la triste fatigue de ne pas voir Dieu encore. L\u2019accompagner sur la croix co\u00fbte quelquefois des larmes abondantes. Consid\u00e9rer que nous avons encore une volont\u00e9 propre, tant de mis\u00e8res, de d\u00e9fauts, de p\u00e9ch\u00e9s, ne peut pas ne pas causer du chagrin\u2026 Tout est combat, douleur, mais J\u00e9sus est au centre, clou\u00e9 sur une croix, et il encourage l\u2019\u00e2me \u00e0 poursuivre. Au milieu de la bataille que nous livrons dans le monde, J\u00e9sus est l\u00e0, le visage serein, qui nous dit que \u00ab celui qui le suit ne marche pas dans les t\u00e9n\u00e8bres \u00bb (Jn 8,12).<\/p>\n<p>Saint Rapha\u00ebl Arnaiz Baron (1911-1938), moine trappiste espagnol<br \/>\n<i>\u00c9crits spirituels, 20\/01\/1937 (trad. Cerf 2008, p.\u00a0300)<\/i><\/p>\n<p>&nbsp;<\/p>\n<p>&nbsp;<\/p>\n<p>&nbsp;<\/p>\n<p>&nbsp;<\/p>\n","protected":false},"excerpt":{"rendered":"<p>\u00ab\u00a0Seigneur mon Dieu, je vois combien la patience m\u2019est n\u00e9cessaire ; car cette vie est pleine de contradictions. Elle ne peut jamais \u00eatre exempte de douleurs et de combats, quoi que je fasse pour avoir la paix. \u2014Il en est ainsi, mon enfant ; mais je ne veux pas que tu cherches une paix telle [&hellip;]<\/p>\n","protected":false},"author":2,"featured_media":0,"comment_status":"closed","ping_status":"closed","sticky":false,"template":"","format":"standard","meta":{"footnotes":""},"categories":[3,13,28],"tags":[1382,425,491,757,1256,1075],"class_list":["post-9469","post","type-post","status-publish","format-standard","hentry","category-liturgique","category-ecritures","category-saints-et-saintes","tag-ecritures","tag-foi","tag-imitation-de-jesus-christ","tag-paix","tag-sens","tag-st-raphael-arnaiz-baron"],"_links":{"self":[{"href":"https:\/\/www.associationdemarie.org\/blog\/wp-json\/wp\/v2\/posts\/9469","targetHints":{"allow":["GET"]}}],"collection":[{"href":"https:\/\/www.associationdemarie.org\/blog\/wp-json\/wp\/v2\/posts"}],"about":[{"href":"https:\/\/www.associationdemarie.org\/blog\/wp-json\/wp\/v2\/types\/post"}],"author":[{"embeddable":true,"href":"https:\/\/www.associationdemarie.org\/blog\/wp-json\/wp\/v2\/users\/2"}],"replies":[{"embeddable":true,"href":"https:\/\/www.associationdemarie.org\/blog\/wp-json\/wp\/v2\/comments?post=9469"}],"version-history":[{"count":1,"href":"https:\/\/www.associationdemarie.org\/blog\/wp-json\/wp\/v2\/posts\/9469\/revisions"}],"predecessor-version":[{"id":9471,"href":"https:\/\/www.associationdemarie.org\/blog\/wp-json\/wp\/v2\/posts\/9469\/revisions\/9471"}],"wp:attachment":[{"href":"https:\/\/www.associationdemarie.org\/blog\/wp-json\/wp\/v2\/media?parent=9469"}],"wp:term":[{"taxonomy":"category","embeddable":true,"href":"https:\/\/www.associationdemarie.org\/blog\/wp-json\/wp\/v2\/categories?post=9469"},{"taxonomy":"post_tag","embeddable":true,"href":"https:\/\/www.associationdemarie.org\/blog\/wp-json\/wp\/v2\/tags?post=9469"}],"curies":[{"name":"wp","href":"https:\/\/api.w.org\/{rel}","templated":true}]}}