{"id":9452,"date":"2014-05-27T01:56:46","date_gmt":"2014-05-27T00:56:46","guid":{"rendered":"http:\/\/www.associationdemarie.org\/blog\/?p=9452"},"modified":"2014-05-06T08:00:45","modified_gmt":"2014-05-06T07:00:45","slug":"evangile-de-jesus-christ-selon-saint-jean-165-11","status":"publish","type":"post","link":"https:\/\/www.associationdemarie.org\/blog\/evangile-de-jesus-christ-selon-saint-jean-165-11\/","title":{"rendered":"\u00c9vangile de J\u00e9sus Christ selon saint Jean 16,5-11."},"content":{"rendered":"<p><span>A<\/span>\u00a0l&rsquo;heure o\u00f9 J\u00e9sus passait de ce monde \u00e0 son p\u00e8re, il disait \u00e0 ses disciples : \u00a0\u00bb Je m&rsquo;en vais maintenant aupr\u00e8s de celui qui m&rsquo;a envoy\u00e9, et aucun de vous ne me demande : &lsquo;O\u00f9 vas-tu?&rsquo;<br \/>\nMais, parce que je vous ai parl\u00e9 ainsi, votre c\u0153ur est plein de tristesse.<br \/>\nPourtant, je vous dis la v\u00e9rit\u00e9\u00a0: c&rsquo;est votre int\u00e9r\u00eat que je m&rsquo;en aille, car, si je ne m&rsquo;en vais pas, le D\u00e9fenseur ne viendra pas \u00e0 vous\u00a0; mais si je pars, je vous l&rsquo;enverrai.<br \/>\nQuand il viendra, il d\u00e9noncera l&rsquo;erreur du monde sur le p\u00e9ch\u00e9, sur le bon droit, et sur la condamnation.<br \/>\nIl montrera o\u00f9 est le p\u00e9ch\u00e9, car l&rsquo;on ne croit pas en moi.<br \/>\nIl montrera o\u00f9 est le bon droit, car je m&rsquo;en vais aupr\u00e8s du P\u00e8re, et vous ne me verrez plus.<br \/>\nIl montrera o\u00f9 est la condamnation, car le prince de ce monde est d\u00e9j\u00e0 condamn\u00e9.<\/p>\n<p><a href=\"https:\/\/www.associationdemarie.org\/blog\/wp-content\/uploads\/2014\/05\/23mai.5.jpg\"><img loading=\"lazy\" decoding=\"async\" class=\"aligncenter size-full wp-image-9453\" alt=\"23mai.5\" src=\"https:\/\/www.associationdemarie.org\/blog\/wp-content\/uploads\/2014\/05\/23mai.5.jpg\" width=\"325\" height=\"442\" srcset=\"https:\/\/www.associationdemarie.org\/blog\/wp-content\/uploads\/2014\/05\/23mai.5.jpg 325w, https:\/\/www.associationdemarie.org\/blog\/wp-content\/uploads\/2014\/05\/23mai.5-220x300.jpg 220w\" sizes=\"auto, (max-width: 325px) 100vw, 325px\" \/><\/a><\/p>\n<p>&nbsp;<\/p>\n<p>Le Christ est vraiment avec nous maintenant, quelle qu&rsquo;en soit la mani\u00e8re. Il le dit lui-m\u00eame : \u00ab Je suis avec vous pour toujours jusqu&rsquo;\u00e0 la fin du monde \u00bb (Mt 28,20)&#8230; Vous pourriez \u00eatre conduits \u00e0 donner cette explication : \u00ab Le Christ est revenu, mais en esprit ; c&rsquo;est son Esprit qui est venu \u00e0 sa place, et quand il est dit que le Christ est avec nous, cela signifie seulement que son Esprit est avec nous. \u00bb Personne, certes, ne peut nier&#8230;que le Saint Esprit est venu ; mais pourquoi est-il venu ? Pour suppl\u00e9er \u00e0 l&rsquo;absence du Christ ou pour accomplir sa pr\u00e9sence ? Assur\u00e9ment, pour le rendre pr\u00e9sent. N&rsquo;imaginons pas un moment que Dieu le Saint Esprit puisse venir de telle sorte que Dieu le Fils demeure au loin. Non, il n&rsquo;est pas venu afin que le Christ ne vienne pas, mais bien plut\u00f4t afin que le Christ puisse venir dans sa venue. Par le Saint Esprit nous entrons en communion avec le P\u00e8re et le Fils&#8230; Saint Paul \u00e9crit : \u00ab En Christ nous sommes int\u00e9gr\u00e9s \u00e0 la construction pour devenir une demeure de Dieu dans l&rsquo;Esprit \u00bb&#8230;, et \u00ab Qu&rsquo;il vous donne la puissance par son Esprit, pour rendre fort l&rsquo;homme int\u00e9rieur, afin que le Christ habite dans vos c\u0153urs par la foi \u00bb (Ep 2,22; 3,16s). Le Saint Esprit suscite et la foi accueille l&rsquo;habitation du Christ dans le c\u0153ur. Ainsi donc, l&rsquo;Esprit ne prend pas la place du Christ dans l&rsquo;\u00e2me, il assure cette place au Christ&#8230;<\/p>\n<p>Le Saint Esprit, donc, daigne venir \u00e0 nous afin que par sa venue le Christ puisse venir \u00e0 nous, non mat\u00e9riellement ou visiblement, mais en entrant en nous. Et c&rsquo;est ainsi qu&rsquo;il est \u00e0 la fois pr\u00e9sent et absent : absent en ce qu&rsquo;il a quitt\u00e9 la terre, pr\u00e9sent en ce qu&rsquo;il n&rsquo;a pas quitt\u00e9 l&rsquo;\u00e2me fid\u00e8le. Comme il le dit lui-m\u00eame : \u00ab Le monde ne me verra plus, mais vous me verrez \u00bb (Jn 14,19).<\/p>\n<p>Bienheureux John Henry Newman (1801-1890), th\u00e9ologien, fondateur de l&rsquo;Oratoire en Angleterre<br \/>\n<i>Sermon \u00ab The Spiritual Presence of Christ in the Church \u00bb, PPS, t. 6, n\u00b010<\/i><\/p>\n<p>&nbsp;<\/p>\n<p>&nbsp;<\/p>\n<p>&nbsp;<\/p>\n","protected":false},"excerpt":{"rendered":"<p>A\u00a0l&rsquo;heure o\u00f9 J\u00e9sus passait de ce monde \u00e0 son p\u00e8re, il disait \u00e0 ses disciples : \u00a0\u00bb Je m&rsquo;en vais maintenant aupr\u00e8s de celui qui m&rsquo;a envoy\u00e9, et aucun de vous ne me demande : &lsquo;O\u00f9 vas-tu?&rsquo; Mais, parce que je vous ai parl\u00e9 ainsi, votre c\u0153ur est plein de tristesse. Pourtant, je vous dis [&hellip;]<\/p>\n","protected":false},"author":2,"featured_media":0,"comment_status":"closed","ping_status":"closed","sticky":false,"template":"","format":"standard","meta":{"footnotes":""},"categories":[3,13,28],"tags":[159,378,389,536,765,1041],"class_list":["post-9452","post","type-post","status-publish","format-standard","hentry","category-liturgique","category-ecritures","category-saints-et-saintes","tag-bienheureux-john-henry-newman","tag-esprit-saint","tag-evangile","tag-jesus-christ","tag-paraclet","tag-st-jean"],"_links":{"self":[{"href":"https:\/\/www.associationdemarie.org\/blog\/wp-json\/wp\/v2\/posts\/9452","targetHints":{"allow":["GET"]}}],"collection":[{"href":"https:\/\/www.associationdemarie.org\/blog\/wp-json\/wp\/v2\/posts"}],"about":[{"href":"https:\/\/www.associationdemarie.org\/blog\/wp-json\/wp\/v2\/types\/post"}],"author":[{"embeddable":true,"href":"https:\/\/www.associationdemarie.org\/blog\/wp-json\/wp\/v2\/users\/2"}],"replies":[{"embeddable":true,"href":"https:\/\/www.associationdemarie.org\/blog\/wp-json\/wp\/v2\/comments?post=9452"}],"version-history":[{"count":1,"href":"https:\/\/www.associationdemarie.org\/blog\/wp-json\/wp\/v2\/posts\/9452\/revisions"}],"predecessor-version":[{"id":9454,"href":"https:\/\/www.associationdemarie.org\/blog\/wp-json\/wp\/v2\/posts\/9452\/revisions\/9454"}],"wp:attachment":[{"href":"https:\/\/www.associationdemarie.org\/blog\/wp-json\/wp\/v2\/media?parent=9452"}],"wp:term":[{"taxonomy":"category","embeddable":true,"href":"https:\/\/www.associationdemarie.org\/blog\/wp-json\/wp\/v2\/categories?post=9452"},{"taxonomy":"post_tag","embeddable":true,"href":"https:\/\/www.associationdemarie.org\/blog\/wp-json\/wp\/v2\/tags?post=9452"}],"curies":[{"name":"wp","href":"https:\/\/api.w.org\/{rel}","templated":true}]}}