{"id":9440,"date":"2014-05-25T01:37:52","date_gmt":"2014-05-25T00:37:52","guid":{"rendered":"http:\/\/www.associationdemarie.org\/blog\/?p=9440"},"modified":"2014-05-04T06:40:11","modified_gmt":"2014-05-04T05:40:11","slug":"le-monde-ne-le-voit-pas-et-ne-le-connait-pas-mais-vous-vous-le-connaissez-parce-quil-demeure-en-vous","status":"publish","type":"post","link":"https:\/\/www.associationdemarie.org\/blog\/le-monde-ne-le-voit-pas-et-ne-le-connait-pas-mais-vous-vous-le-connaissez-parce-quil-demeure-en-vous\/","title":{"rendered":"\u00ab Le monde ne le voit pas et ne le conna\u00eet pas ; mais vous, vous le connaissez, parce qu\u2019il demeure en vous. \u00bb"},"content":{"rendered":"<p><a href=\"https:\/\/www.associationdemarie.org\/blog\/wp-content\/uploads\/2014\/05\/Viens-Esprit-Saint.jpg\"><img loading=\"lazy\" decoding=\"async\" class=\"aligncenter size-full wp-image-9441\" alt=\"Viens Esprit Saint\" src=\"https:\/\/www.associationdemarie.org\/blog\/wp-content\/uploads\/2014\/05\/Viens-Esprit-Saint.jpg\" width=\"500\" height=\"323\" srcset=\"https:\/\/www.associationdemarie.org\/blog\/wp-content\/uploads\/2014\/05\/Viens-Esprit-Saint.jpg 500w, https:\/\/www.associationdemarie.org\/blog\/wp-content\/uploads\/2014\/05\/Viens-Esprit-Saint-300x193.jpg 300w\" sizes=\"auto, (max-width: 500px) 100vw, 500px\" \/><\/a><\/p>\n<p>\u00ab L\u2019Esprit souffle o\u00f9 il veut \u00bb, dit J\u00e9sus dans son entretien avec Nicod\u00e8me (Jn 3,8). Nous ne pouvons donc pas tracer, sur le plan doctrinal et pratique, des normes exclusives concernant les interventions de l\u2019Esprit Saint dans la vie des hommes. Il peut se manifester sous les formes les plus libres et les plus impr\u00e9vues : \u00ab Il s\u2019\u00e9bat sur la surface de la terre \u00bb (cf Pr 8,31)\u2026 Mais pour ceux qui veulent capter les ondes surnaturelles de l\u2019Esprit Saint, il y a une r\u00e8gle, une exigence qui s\u2019impose d\u2019une fa\u00e7on ordinaire : la vie int\u00e9rieure. C\u2019est \u00e0 l\u2019int\u00e9rieur de l\u2019\u00e2me que se fait la rencontre avec cet h\u00f4te inexprimable : \u00ab doux h\u00f4te de l\u2019\u00e2me \u00bb, dit la merveilleuse hymne liturgique de la Pentec\u00f4te. L\u2019homme devient \u00ab temple de l\u2019Esprit Saint \u00bb, nous redit saint Paul (1Co 3,16; 6,19).<\/p>\n<p>L\u2019homme d\u2019aujourd\u2019hui, et aussi le chr\u00e9tien bien souvent, m\u00eame ceux qui sont consacr\u00e9s \u00e0 Dieu, tend \u00e0 se s\u00e9culariser. Mais il ne pourra, il ne devra jamais oublier cette exigence fondamentale de la vie int\u00e9rieure s\u2019il veut que sa vie demeure chr\u00e9tienne et anim\u00e9e par l\u2019Esprit Saint. La Pentec\u00f4te a \u00e9t\u00e9 pr\u00e9c\u00e9d\u00e9e d\u2019une neuvaine de recueillement et de pri\u00e8re. Le silence int\u00e9rieur est n\u00e9cessaire pour entendre la parole de Dieu, pour sentir sa pr\u00e9sence, pour entendre l\u2019appel de Dieu.<\/p>\n<p>Aujourd\u2019hui, notre esprit est trop tourn\u00e9 vers l\u2019ext\u00e9rieur\u2026; nous ne savons pas m\u00e9diter, nous ne savons pas prier ; nous ne savons pas faire taire tout le bruit que font en nous les int\u00e9r\u00eats ext\u00e9rieurs, les images, les humeurs. Il n\u2019y a pas dans le c\u0153ur d\u2019espace tranquille et sacr\u00e9 pour la flamme de la Pentec\u00f4te\u2026 La conclusion va de soi : il faut donner \u00e0 la vie int\u00e9rieure sa place dans le programme de notre vie bouscul\u00e9e ; une place privil\u00e9gi\u00e9e, silencieuse, pure ; nous devons nous retrouver nous-m\u00eames pour que puisse habiter en nous l\u2019Esprit vivifiant et sanctifiant.<\/p>\n<p>Paul VI, pape de 1963-1978<br \/>\n<i>Audience g\u00e9n\u00e9rale du 17\/05\/1972 (trad. DC 1610, p. 508 rev.)<\/i><\/p>\n<p>&nbsp;<\/p>\n<p>&nbsp;<\/p>\n<p>&nbsp;<\/p>\n","protected":false},"excerpt":{"rendered":"<p>\u00ab L\u2019Esprit souffle o\u00f9 il veut \u00bb, dit J\u00e9sus dans son entretien avec Nicod\u00e8me (Jn 3,8). Nous ne pouvons donc pas tracer, sur le plan doctrinal et pratique, des normes exclusives concernant les interventions de l\u2019Esprit Saint dans la vie des hommes. Il peut se manifester sous les formes les plus libres et les plus [&hellip;]<\/p>\n","protected":false},"author":2,"featured_media":0,"comment_status":"closed","ping_status":"closed","sticky":false,"template":"","format":"standard","meta":{"footnotes":""},"categories":[3,13,26,28],"tags":[57,1382,378,507,783,791,830],"class_list":["post-9440","post","type-post","status-publish","format-standard","hentry","category-liturgique","category-ecritures","category-priere-des-ames","category-saints-et-saintes","tag-ame","tag-ecritures","tag-esprit-saint","tag-interiorite","tag-paul-6","tag-pentecote","tag-priere"],"_links":{"self":[{"href":"https:\/\/www.associationdemarie.org\/blog\/wp-json\/wp\/v2\/posts\/9440","targetHints":{"allow":["GET"]}}],"collection":[{"href":"https:\/\/www.associationdemarie.org\/blog\/wp-json\/wp\/v2\/posts"}],"about":[{"href":"https:\/\/www.associationdemarie.org\/blog\/wp-json\/wp\/v2\/types\/post"}],"author":[{"embeddable":true,"href":"https:\/\/www.associationdemarie.org\/blog\/wp-json\/wp\/v2\/users\/2"}],"replies":[{"embeddable":true,"href":"https:\/\/www.associationdemarie.org\/blog\/wp-json\/wp\/v2\/comments?post=9440"}],"version-history":[{"count":1,"href":"https:\/\/www.associationdemarie.org\/blog\/wp-json\/wp\/v2\/posts\/9440\/revisions"}],"predecessor-version":[{"id":9442,"href":"https:\/\/www.associationdemarie.org\/blog\/wp-json\/wp\/v2\/posts\/9440\/revisions\/9442"}],"wp:attachment":[{"href":"https:\/\/www.associationdemarie.org\/blog\/wp-json\/wp\/v2\/media?parent=9440"}],"wp:term":[{"taxonomy":"category","embeddable":true,"href":"https:\/\/www.associationdemarie.org\/blog\/wp-json\/wp\/v2\/categories?post=9440"},{"taxonomy":"post_tag","embeddable":true,"href":"https:\/\/www.associationdemarie.org\/blog\/wp-json\/wp\/v2\/tags?post=9440"}],"curies":[{"name":"wp","href":"https:\/\/api.w.org\/{rel}","templated":true}]}}