{"id":9428,"date":"2014-06-01T01:08:19","date_gmt":"2014-06-01T00:08:19","guid":{"rendered":"http:\/\/www.associationdemarie.org\/blog\/?p=9428"},"modified":"2025-12-06T13:28:30","modified_gmt":"2025-12-06T12:28:30","slug":"intentions-de-priere-du-pape-juin-2014","status":"publish","type":"post","link":"https:\/\/www.associationdemarie.org\/blog\/intentions-de-priere-du-pape-juin-2014\/","title":{"rendered":"Intentions de pri\u00e8re du pape &#8211; juin 2014"},"content":{"rendered":"<p><strong>Universelle &#8211; Les ch\u00f4meurs<\/strong><br \/>Pour que les ch\u00f4meurs obtiennent le soutien et le travail dont ils ont besoin pour vivre avec dignit\u00e9.<\/p>\n<p><strong>Pour l&rsquo;\u00e9vang\u00e9lisation &#8211; La foi en Europe<\/strong><br \/>Pour que l&rsquo;Europe retrouve ses racines chr\u00e9tiennes \u00e0 travers le t\u00e9moignage de foi des croyants.<\/p>\n<p style=\"text-align: center;\">\u00a0<\/p>\n\n\n<figure class=\"wp-block-image\"><img loading=\"lazy\" decoding=\"async\" width=\"600\" height=\"272\" src=\"https:\/\/www.associationdemarie.org\/blog\/wp-content\/uploads\/2025\/12\/7-12.jpg\" alt=\"\" class=\"wp-image-26242\" srcset=\"https:\/\/www.associationdemarie.org\/blog\/wp-content\/uploads\/2025\/12\/7-12.jpg 600w, https:\/\/www.associationdemarie.org\/blog\/wp-content\/uploads\/2025\/12\/7-12-300x136.jpg 300w\" sizes=\"auto, (max-width: 600px) 100vw, 600px\" \/><\/figure>\n","protected":false},"excerpt":{"rendered":"<p>Universelle &#8211; Les ch\u00f4meursPour que les ch\u00f4meurs obtiennent le soutien et le travail dont ils ont besoin pour vivre avec dignit\u00e9. Pour l&rsquo;\u00e9vang\u00e9lisation &#8211; La foi en EuropePour que l&rsquo;Europe retrouve ses racines chr\u00e9tiennes \u00e0 travers le t\u00e9moignage de foi des croyants. \u00a0<\/p>\n","protected":false},"author":2,"featured_media":0,"comment_status":"closed","ping_status":"closed","sticky":false,"template":"","format":"standard","meta":{"footnotes":""},"categories":[3,14,16],"tags":[386,387,425,502,761,1150],"class_list":["post-9428","post","type-post","status-publish","format-standard","hentry","category-liturgique","category-groupe-prieres","category-jardins-de-la-bible","tag-europe","tag-evangelisation","tag-foi","tag-intention-de-prieres","tag-pape-francois","tag-travail"],"_links":{"self":[{"href":"https:\/\/www.associationdemarie.org\/blog\/wp-json\/wp\/v2\/posts\/9428","targetHints":{"allow":["GET"]}}],"collection":[{"href":"https:\/\/www.associationdemarie.org\/blog\/wp-json\/wp\/v2\/posts"}],"about":[{"href":"https:\/\/www.associationdemarie.org\/blog\/wp-json\/wp\/v2\/types\/post"}],"author":[{"embeddable":true,"href":"https:\/\/www.associationdemarie.org\/blog\/wp-json\/wp\/v2\/users\/2"}],"replies":[{"embeddable":true,"href":"https:\/\/www.associationdemarie.org\/blog\/wp-json\/wp\/v2\/comments?post=9428"}],"version-history":[{"count":3,"href":"https:\/\/www.associationdemarie.org\/blog\/wp-json\/wp\/v2\/posts\/9428\/revisions"}],"predecessor-version":[{"id":26243,"href":"https:\/\/www.associationdemarie.org\/blog\/wp-json\/wp\/v2\/posts\/9428\/revisions\/26243"}],"wp:attachment":[{"href":"https:\/\/www.associationdemarie.org\/blog\/wp-json\/wp\/v2\/media?parent=9428"}],"wp:term":[{"taxonomy":"category","embeddable":true,"href":"https:\/\/www.associationdemarie.org\/blog\/wp-json\/wp\/v2\/categories?post=9428"},{"taxonomy":"post_tag","embeddable":true,"href":"https:\/\/www.associationdemarie.org\/blog\/wp-json\/wp\/v2\/tags?post=9428"}],"curies":[{"name":"wp","href":"https:\/\/api.w.org\/{rel}","templated":true}]}}