{"id":9414,"date":"2014-05-20T01:00:18","date_gmt":"2014-05-20T00:00:18","guid":{"rendered":"http:\/\/www.associationdemarie.org\/blog\/?p=9414"},"modified":"2014-04-29T07:07:34","modified_gmt":"2014-04-29T06:07:34","slug":"cest-ma-paix-que-je-vous-donne-2","status":"publish","type":"post","link":"https:\/\/www.associationdemarie.org\/blog\/cest-ma-paix-que-je-vous-donne-2\/","title":{"rendered":"\u00ab C&rsquo;est ma paix que je vous donne \u00bb"},"content":{"rendered":"<p style=\"text-align: center;\"><a href=\"https:\/\/www.associationdemarie.org\/blog\/wp-content\/uploads\/2014\/04\/n-JEAN-XXIII-large570.jpg\"><img loading=\"lazy\" decoding=\"async\" class=\"aligncenter  wp-image-9415\" alt=\"n-JEAN-XXIII-large570\" src=\"https:\/\/www.associationdemarie.org\/blog\/wp-content\/uploads\/2014\/04\/n-JEAN-XXIII-large570.jpg\" width=\"456\" height=\"190\" srcset=\"https:\/\/www.associationdemarie.org\/blog\/wp-content\/uploads\/2014\/04\/n-JEAN-XXIII-large570.jpg 570w, https:\/\/www.associationdemarie.org\/blog\/wp-content\/uploads\/2014\/04\/n-JEAN-XXIII-large570-300x125.jpg 300w\" sizes=\"auto, (max-width: 456px) 100vw, 456px\" \/><\/a><\/p>\n<p>Il revient \u00e0 tout croyant d&rsquo;\u00eatre, dans le monde d&rsquo;aujourd&rsquo;hui, une \u00e9tincelle lumineuse, un foyer d&rsquo;amour et un ferment pour toute la masse (Mt 5,14; 13,33). Chacun le sera dans la mesure de son union \u00e0 Dieu. La paix ne pourra pas r\u00e9gner entre les hommes si elle ne r\u00e8gne d&rsquo;abord en chacun d&rsquo;eux, si chacun n\u2019observe en lui-m\u00eame l\u2019ordre voulu par Dieu&#8230; Il s&rsquo;agit, en fait, d&rsquo;une entreprise trop sublime et trop \u00e9lev\u00e9e pour que sa r\u00e9alisation soit au pouvoir de l&rsquo;homme laiss\u00e9 \u00e0 ses seules forces, m\u00eame s\u2019il \u00e9tait anim\u00e9 de la bonne volont\u00e9 la plus louable. Pour que la soci\u00e9t\u00e9 humaine donne avec la plus parfaite fid\u00e9lit\u00e9 l&rsquo;image du Royaume de Dieu, le secours d&rsquo;en haut est absolument n\u00e9cessaire\u2026<\/p>\n<p>Par sa Passion et par sa mort, le Christ a vaincu le p\u00e9ch\u00e9, source premi\u00e8re de toutes les discordes, d\u00e9tresses et in\u00e9galit\u00e9s\u2026 \u00ab C&rsquo;est lui qui est notre paix&#8230; Il est venu proclamer la paix, paix pour vous qui \u00e9tiez loin, et paix pour ceux qui \u00e9taient proches \u00bb (Ep 2,14s). Et c&rsquo;est ce m\u00eame message que nous fait entendre la liturgie de ces saints jours de P\u00e2ques : \u00ab J\u00e9sus, notre Seigneur ressuscit\u00e9, se tint au milieu de ses disciples et leur dit : La paix soit avec vous, all\u00e9luia. Et les disciples, ayant vu le Seigneur, furent remplis de joie \u00bb (cf Jn 20,19s). Le Christ nous a apport\u00e9 la paix, nous a laiss\u00e9 la paix : \u00ab Je vous laisse la paix, je vous donne ma paix. Je ne vous la donne pas comme le monde la donne. \u00bb<\/p>\n<p>C&rsquo;est cette paix apport\u00e9e par le R\u00e9dempteur que nous lui demandons avec insistance dans nos pri\u00e8res. Qu&rsquo;il bannisse des \u00e2mes ce qui peut mettre la paix en danger, et qu&rsquo;il transforme tous les hommes en t\u00e9moins de v\u00e9rit\u00e9, de justice et d&rsquo;amour fraternel. Qu&rsquo;il \u00e9claire ceux qui pr\u00e9sident aux destin\u00e9es des peuples\u2026 Que le Christ enflamme le c\u0153ur de tous les hommes et leur fasse renverser les barri\u00e8res qui divisent, resserrer les liens de l&rsquo;amour mutuel, montrer de la compr\u00e9hension \u00e0 l&rsquo;\u00e9gard des autres et pardonner \u00e0 ceux qui leur ont fait du tort. Et qu&rsquo;ainsi, gr\u00e2ce \u00e0 lui, tous les peuples de la terre forment entre eux une v\u00e9ritable communaut\u00e9 fraternelle, et que parmi eux ne cesse de fleurir et de r\u00e9gner la paix tant d\u00e9sir\u00e9e.<\/p>\n<p>Saint Jean XXIII (1881-1963), pape<br \/>\n<i>Encyclique \u00ab Pacem in Terris \u00bb \u00a7 164-171 (trad. \u00a9 Libreria Editrice Vaticana rev.)<\/i><\/p>\n<p>&nbsp;<\/p>\n<p>&nbsp;<\/p>\n<p>&nbsp;<\/p>\n<p>&nbsp;<\/p>\n<p>&nbsp;<\/p>\n","protected":false},"excerpt":{"rendered":"<p>Il revient \u00e0 tout croyant d&rsquo;\u00eatre, dans le monde d&rsquo;aujourd&rsquo;hui, une \u00e9tincelle lumineuse, un foyer d&rsquo;amour et un ferment pour toute la masse (Mt 5,14; 13,33). Chacun le sera dans la mesure de son union \u00e0 Dieu. La paix ne pourra pas r\u00e9gner entre les hommes si elle ne r\u00e8gne d&rsquo;abord en chacun d&rsquo;eux, si [&hellip;]<\/p>\n","protected":false},"author":2,"featured_media":0,"comment_status":"closed","ping_status":"closed","sticky":false,"template":"","format":"standard","meta":{"footnotes":""},"categories":[3,13,28],"tags":[1382,337,757,1252],"class_list":["post-9414","post","type-post","status-publish","format-standard","hentry","category-liturgique","category-ecritures","category-saints-et-saintes","tag-ecritures","tag-eglise-universelle","tag-paix","tag-st-jean-23"],"_links":{"self":[{"href":"https:\/\/www.associationdemarie.org\/blog\/wp-json\/wp\/v2\/posts\/9414","targetHints":{"allow":["GET"]}}],"collection":[{"href":"https:\/\/www.associationdemarie.org\/blog\/wp-json\/wp\/v2\/posts"}],"about":[{"href":"https:\/\/www.associationdemarie.org\/blog\/wp-json\/wp\/v2\/types\/post"}],"author":[{"embeddable":true,"href":"https:\/\/www.associationdemarie.org\/blog\/wp-json\/wp\/v2\/users\/2"}],"replies":[{"embeddable":true,"href":"https:\/\/www.associationdemarie.org\/blog\/wp-json\/wp\/v2\/comments?post=9414"}],"version-history":[{"count":1,"href":"https:\/\/www.associationdemarie.org\/blog\/wp-json\/wp\/v2\/posts\/9414\/revisions"}],"predecessor-version":[{"id":9416,"href":"https:\/\/www.associationdemarie.org\/blog\/wp-json\/wp\/v2\/posts\/9414\/revisions\/9416"}],"wp:attachment":[{"href":"https:\/\/www.associationdemarie.org\/blog\/wp-json\/wp\/v2\/media?parent=9414"}],"wp:term":[{"taxonomy":"category","embeddable":true,"href":"https:\/\/www.associationdemarie.org\/blog\/wp-json\/wp\/v2\/categories?post=9414"},{"taxonomy":"post_tag","embeddable":true,"href":"https:\/\/www.associationdemarie.org\/blog\/wp-json\/wp\/v2\/tags?post=9414"}],"curies":[{"name":"wp","href":"https:\/\/api.w.org\/{rel}","templated":true}]}}