{"id":9320,"date":"2017-04-20T02:56:01","date_gmt":"2017-04-20T01:56:01","guid":{"rendered":"http:\/\/www.associationdemarie.org\/blog\/?p=9320"},"modified":"2017-04-19T12:40:28","modified_gmt":"2017-04-19T11:40:28","slug":"neuvaine-a-la-misericorde-divine-8","status":"publish","type":"post","link":"https:\/\/www.associationdemarie.org\/blog\/neuvaine-a-la-misericorde-divine-8\/","title":{"rendered":"Neuvaine \u00e0 la Mis\u00e9ricorde Divine &#8211; Jour 7"},"content":{"rendered":"<h3>SEPTI\u00c8ME JOUR<\/h3>\n<p>Paroles de Notre-Seigneur :<\/p>\n<p><em><strong>\u00ab Aujourd&rsquo;hui, am\u00e8ne-Moi les \u00e2mes qui honorent et glorifient particuli\u00e8rement Ma Mis\u00e9ricorde. Ces \u00e2mes ont le plus partag\u00e9 Ma Passion et le plus profond\u00e9ment p\u00e9n\u00e9tr\u00e9 dans Mon esprit, elles sont le reflet vivant de Mon C\u0153ur Mis\u00e9ricordieux. Dans la vie future, ces \u00e2mes \u00e9tincelleront d&rsquo;un \u00e9clat particulier, et aucune d&rsquo;elles n&rsquo;ira en enfer. Chacune aura Ma protection \u00e0 l\u2019heure de la mort. \u00bb<\/strong><\/em><\/p>\n<p>Prions pour ceux qui v\u00e9n\u00e8rent la Mis\u00e9ricorde Divine et en propagent la d\u00e9votion :<br \/>\nTr\u00e8s Mis\u00e9ricordieux J\u00e9sus, dont le C\u0153ur est amour, recevez dans Votre C\u0153ur tr\u00e8s Mis\u00e9ricordieux les grandeur de Votre Mis\u00e9ricorde. Dot\u00e9es de la puissance m\u00eame de Dieu, toujours confiantes en Votre insolvable Mis\u00e9ricorde, et r\u00e9pondant \u00e0 la sainte volont\u00e9 de Dieu, elles portent sur leurs \u00e9paules l&rsquo;humanit\u00e9 enti\u00e8re, implorant sans cesse pour elle du P\u00e8re C\u00e9leste pardon et gr\u00e2ces. Faites qu&rsquo;elles pers\u00e9v\u00e8rent jusqu&rsquo;\u00e0 la fin dans leur z\u00e8le initial, et \u00e0 l&rsquo;heure de la mort, ne venez pas \u00e0 elles en Juge, mais en Sauveur Mis\u00e9ricordieux.<\/p>\n<p>Pater&#8230; Ave&#8230; Gloria&#8230;<\/p>\n<p>P\u00e8re \u00c9ternel, jetez un regard de compassion sur les \u00e2mes qui v\u00e9n\u00e8rent et glorifient sp\u00e9cialement Votre plus grand attribut: l&rsquo;insondable Mis\u00e9ricorde. Enferm\u00e9es dans le C\u0153ur tr\u00e8s Mis\u00e9ricordieux de Votre Fils, ces \u00e2mes sont comme un \u00c9vangile vivant, leurs mains sont pleines d\u2019actes de Mis\u00e9ricorde, et leur \u00e2me, combl\u00e9e de joie, chante l\u2019hymne de Votre gloire. Nous Vous prions Dieu cl\u00e9ment de leur manifester Votre Mis\u00e9ricorde selon l&rsquo;esp\u00e9rance et la confiance qu\u2019elles ont mis en Vous, afin que s\u2019accomplisse par la promesse du Sauveur, qu&rsquo;il prot\u00e9gera durant la vie et \u00e0 l&rsquo;heure du tr\u00e9pas quiconque honorerait et propageait le myst\u00e8re de Votre Mis\u00e9ricorde. AMEN<\/p>\n<p><a href=\"https:\/\/www.associationdemarie.org\/blog\/wp-content\/uploads\/2011\/05\/Jean-Paul-2-Jesus-divine-Misericorde.jpg\"><img loading=\"lazy\" decoding=\"async\" class=\"aligncenter size-full wp-image-3112\" src=\"https:\/\/www.associationdemarie.org\/blog\/wp-content\/uploads\/2011\/05\/Jean-Paul-2-Jesus-divine-Misericorde.jpg\" alt=\"Jean Paul 2-Jesus-divine-Misericorde\" width=\"278\" height=\"473\" srcset=\"https:\/\/www.associationdemarie.org\/blog\/wp-content\/uploads\/2011\/05\/Jean-Paul-2-Jesus-divine-Misericorde.jpg 278w, https:\/\/www.associationdemarie.org\/blog\/wp-content\/uploads\/2011\/05\/Jean-Paul-2-Jesus-divine-Misericorde-176x300.jpg 176w\" sizes=\"auto, (max-width: 278px) 100vw, 278px\" \/><\/a><\/p>\n","protected":false},"excerpt":{"rendered":"<p>SEPTI\u00c8ME JOUR Paroles de Notre-Seigneur : \u00ab Aujourd&rsquo;hui, am\u00e8ne-Moi les \u00e2mes qui honorent et glorifient particuli\u00e8rement Ma Mis\u00e9ricorde. Ces \u00e2mes ont le plus partag\u00e9 Ma Passion et le plus profond\u00e9ment p\u00e9n\u00e9tr\u00e9 dans Mon esprit, elles sont le reflet vivant de Mon C\u0153ur Mis\u00e9ricordieux. Dans la vie future, ces \u00e2mes \u00e9tincelleront d&rsquo;un \u00e9clat particulier, et aucune [&hellip;]<\/p>\n","protected":false},"author":2,"featured_media":0,"comment_status":"closed","ping_status":"closed","sticky":false,"template":"","format":"standard","meta":{"footnotes":""},"categories":[1248],"tags":[158,307,913,1094],"class_list":["post-9320","post","type-post","status-publish","format-standard","hentry","category-neuvaine-a-la-misericorde-divine","tag-bienheureux-jean-paul-2","tag-divine-misericorde","tag-sacre-coeur","tag-ste-faustine"],"_links":{"self":[{"href":"https:\/\/www.associationdemarie.org\/blog\/wp-json\/wp\/v2\/posts\/9320","targetHints":{"allow":["GET"]}}],"collection":[{"href":"https:\/\/www.associationdemarie.org\/blog\/wp-json\/wp\/v2\/posts"}],"about":[{"href":"https:\/\/www.associationdemarie.org\/blog\/wp-json\/wp\/v2\/types\/post"}],"author":[{"embeddable":true,"href":"https:\/\/www.associationdemarie.org\/blog\/wp-json\/wp\/v2\/users\/2"}],"replies":[{"embeddable":true,"href":"https:\/\/www.associationdemarie.org\/blog\/wp-json\/wp\/v2\/comments?post=9320"}],"version-history":[{"count":3,"href":"https:\/\/www.associationdemarie.org\/blog\/wp-json\/wp\/v2\/posts\/9320\/revisions"}],"predecessor-version":[{"id":14732,"href":"https:\/\/www.associationdemarie.org\/blog\/wp-json\/wp\/v2\/posts\/9320\/revisions\/14732"}],"wp:attachment":[{"href":"https:\/\/www.associationdemarie.org\/blog\/wp-json\/wp\/v2\/media?parent=9320"}],"wp:term":[{"taxonomy":"category","embeddable":true,"href":"https:\/\/www.associationdemarie.org\/blog\/wp-json\/wp\/v2\/categories?post=9320"},{"taxonomy":"post_tag","embeddable":true,"href":"https:\/\/www.associationdemarie.org\/blog\/wp-json\/wp\/v2\/tags?post=9320"}],"curies":[{"name":"wp","href":"https:\/\/api.w.org\/{rel}","templated":true}]}}