{"id":9310,"date":"2017-04-18T02:50:56","date_gmt":"2017-04-18T01:50:56","guid":{"rendered":"http:\/\/www.associationdemarie.org\/blog\/?p=9310"},"modified":"2017-04-17T08:46:33","modified_gmt":"2017-04-17T07:46:33","slug":"neuvaine-a-la-misericorde-divine-6","status":"publish","type":"post","link":"https:\/\/www.associationdemarie.org\/blog\/neuvaine-a-la-misericorde-divine-6\/","title":{"rendered":"Neuvaine \u00e0 la Mis\u00e9ricorde Divine &#8211; Jour 5"},"content":{"rendered":"<h3>CINQUI\u00c8ME JOUR<\/h3>\n<p><a href=\"https:\/\/www.associationdemarie.org\/blog\/wp-content\/uploads\/2014\/04\/serre.jpg\"><img loading=\"lazy\" decoding=\"async\" class=\"alignright size-full wp-image-9311\" src=\"https:\/\/www.associationdemarie.org\/blog\/wp-content\/uploads\/2014\/04\/serre.jpg\" alt=\"serre\" width=\"202\" height=\"320\" srcset=\"https:\/\/www.associationdemarie.org\/blog\/wp-content\/uploads\/2014\/04\/serre.jpg 202w, https:\/\/www.associationdemarie.org\/blog\/wp-content\/uploads\/2014\/04\/serre-189x300.jpg 189w\" sizes=\"auto, (max-width: 202px) 100vw, 202px\" \/><\/a>Paroles de Notre-Seigneur :<\/p>\n<p><em><strong>\u00ab Aujourd\u2019hui, am\u00e8ne-Moi les \u00e2mes des h\u00e9r\u00e9tiques et apostats, immerge-les dans l\u2019oc\u00e9an de Ma Mis\u00e9ricorde. Ce sont elles qui, dans Mon am\u00e8re agonie, Me d\u00e9chiraient le Corps et le C\u0153ur, c\u2018est \u00e0 dire l&rsquo;\u00c9glise. Mais lorsqu&rsquo;elles s&rsquo;unissent de nouveau \u00e0 l&rsquo;\u00c9glise, Mes blessures se cicatrisent et j&rsquo;\u00e9prouve une consolation dans Ma Passion. \u00bb<\/strong><\/em><\/p>\n<p>Prions pour ceux qui errent dans la Foi :<br \/>\nTr\u00e8s Mis\u00e9ricordieux J\u00e9sus, qui \u00eates la bont\u00e9 m\u00eame, et qui ne refusez pas la lumi\u00e8re \u00e0 ceux qui Vous la demandent, recevez dans la demeure de Votre C\u0153ur tr\u00e8s Mis\u00e9ricordieux les \u00e2mes des h\u00e9r\u00e9tiques, des apostats et de tous ceux qui errent dans la Foi. Que Votre Lumi\u00e8re les attire \u00e0 l\u2019unit\u00e9 de l\u2019\u00c9glise. Ne les rejetez point de Votre protection, mais faites qu\u2019eux aussi glorifient la largesse de Votre Mis\u00e9ricorde.<\/p>\n<p>Pater&#8230; Ave&#8230; Gloria&#8230;<\/p>\n<p>P\u00e8re \u00c9ternel, jetez un regard de compassion sur les \u00e2mes des h\u00e9r\u00e9tiques et apostats, qui persistant obstin\u00e9ment dans leurs erreurs, ont gaspill\u00e9 Vos dons et abus\u00e9 de Votre gr\u00e2ces. Ne regardez pas leurs m\u00e9chancet\u00e9, mais l\u2019amour et la Passion am\u00e8re de Votre Fils, qui Vous priait avec tant de ferveur, afin qu\u2019il retrouvent au plus t\u00f4t cette unit\u00e9, et que de concert avec nous, il glorifient Votre Mis\u00e9ricorde dans les si\u00e8cles. AMEN<\/p>\n<p>&nbsp;<\/p>\n<p>&nbsp;<\/p>\n<p><span style=\"color: #ffffff;\">.<\/span><\/p>\n","protected":false},"excerpt":{"rendered":"<p>CINQUI\u00c8ME JOUR Paroles de Notre-Seigneur : \u00ab Aujourd\u2019hui, am\u00e8ne-Moi les \u00e2mes des h\u00e9r\u00e9tiques et apostats, immerge-les dans l\u2019oc\u00e9an de Ma Mis\u00e9ricorde. Ce sont elles qui, dans Mon am\u00e8re agonie, Me d\u00e9chiraient le Corps et le C\u0153ur, c\u2018est \u00e0 dire l&rsquo;\u00c9glise. Mais lorsqu&rsquo;elles s&rsquo;unissent de nouveau \u00e0 l&rsquo;\u00c9glise, Mes blessures se cicatrisent et j&rsquo;\u00e9prouve une consolation [&hellip;]<\/p>\n","protected":false},"author":2,"featured_media":0,"comment_status":"closed","ping_status":"closed","sticky":false,"template":"","format":"standard","meta":{"footnotes":""},"categories":[1248,28],"tags":[307,425,712,1094],"class_list":["post-9310","post","type-post","status-publish","format-standard","hentry","category-neuvaine-a-la-misericorde-divine","category-saints-et-saintes","tag-divine-misericorde","tag-foi","tag-neuvaine","tag-ste-faustine"],"_links":{"self":[{"href":"https:\/\/www.associationdemarie.org\/blog\/wp-json\/wp\/v2\/posts\/9310","targetHints":{"allow":["GET"]}}],"collection":[{"href":"https:\/\/www.associationdemarie.org\/blog\/wp-json\/wp\/v2\/posts"}],"about":[{"href":"https:\/\/www.associationdemarie.org\/blog\/wp-json\/wp\/v2\/types\/post"}],"author":[{"embeddable":true,"href":"https:\/\/www.associationdemarie.org\/blog\/wp-json\/wp\/v2\/users\/2"}],"replies":[{"embeddable":true,"href":"https:\/\/www.associationdemarie.org\/blog\/wp-json\/wp\/v2\/comments?post=9310"}],"version-history":[{"count":7,"href":"https:\/\/www.associationdemarie.org\/blog\/wp-json\/wp\/v2\/posts\/9310\/revisions"}],"predecessor-version":[{"id":14728,"href":"https:\/\/www.associationdemarie.org\/blog\/wp-json\/wp\/v2\/posts\/9310\/revisions\/14728"}],"wp:attachment":[{"href":"https:\/\/www.associationdemarie.org\/blog\/wp-json\/wp\/v2\/media?parent=9310"}],"wp:term":[{"taxonomy":"category","embeddable":true,"href":"https:\/\/www.associationdemarie.org\/blog\/wp-json\/wp\/v2\/categories?post=9310"},{"taxonomy":"post_tag","embeddable":true,"href":"https:\/\/www.associationdemarie.org\/blog\/wp-json\/wp\/v2\/tags?post=9310"}],"curies":[{"name":"wp","href":"https:\/\/api.w.org\/{rel}","templated":true}]}}