{"id":9304,"date":"2017-04-17T02:45:16","date_gmt":"2017-04-17T01:45:16","guid":{"rendered":"http:\/\/www.associationdemarie.org\/blog\/?p=9304"},"modified":"2017-04-22T10:38:19","modified_gmt":"2017-04-22T09:38:19","slug":"neuvaine-a-la-misericorde-divine-5","status":"publish","type":"post","link":"https:\/\/www.associationdemarie.org\/blog\/neuvaine-a-la-misericorde-divine-5\/","title":{"rendered":"Neuvaine \u00e0 la Mis\u00e9ricorde Divine &#8211; Jour 4"},"content":{"rendered":"<h3>QUATRI\u00c8ME JOUR<\/h3>\n<p><a href=\"https:\/\/www.associationdemarie.org\/blog\/wp-content\/uploads\/2014\/04\/serre-2-Copie.jpg\"><img loading=\"lazy\" decoding=\"async\" class=\"alignright size-full wp-image-9305\" src=\"https:\/\/www.associationdemarie.org\/blog\/wp-content\/uploads\/2014\/04\/serre-2-Copie.jpg\" alt=\"serre 2 - Copie\" width=\"193\" height=\"320\" \/><\/a>Paroles de Notre-Seigneur :<\/p>\n<p><em><strong>\u00ab Aujourd\u2019hui, am\u00e8ne-Moi les pa\u00efens et ceux qui ne Me connaissent pas encore. Dans mon am\u00e8re Passion, J&rsquo;ai \u00e9galement pens\u00e9 \u00e0 eux, et leur z\u00e8le consolait Mon C\u0153ur. Immerge-les maintenant dans l\u2019oc\u00e9an de Ma Mis\u00e9ricorde. \u00bb<\/strong><\/em><\/p>\n<p>Prions pour les pa\u00efens et incroyants :<br \/>\nTr\u00e8s Mis\u00e9ricordieux J\u00e9sus, qui \u00eates la lumi\u00e8re du monde, accueillez dans la demeure de Votre C\u0153ur tr\u00e8s Mis\u00e9ricordieux les \u00e2mes des pa\u00efens et incroyants qui ne Vous connaissent pas encore. Que les rayons de Votre gr\u00e2ce les \u00e9clairent, afin qu\u2019ils puissent, de concert avec nous, chanter \u00e9ternellement les merveilles de Votre Mis\u00e9ricorde.<\/p>\n<p>Pater&#8230; Ave&#8230; Gloria&#8230;<\/p>\n<p>P\u00e8re \u00c9ternel, jetez un regard de compassion sur les \u00e2mes de pa\u00efens et sur celles de tous ceux qui ne Vous connaissent pas encore. Elles aussi sont enferm\u00e9es dans le C\u0153ur tr\u00e8s Mis\u00e9ricordieux de Votre Fils, Notre Seigneur J\u00e9sus-Christ. Gagnez-les \u00e0 la lumi\u00e8re de l\u2019\u00e9vangile, afin qu&rsquo;elles comprennent combien est grand le bonheur de Vous aimer. Faites qu&rsquo;eux aussi glorifient, dans les si\u00e8cles la munificence de Votre mis\u00e9ricorde. AMEN<\/p>\n<p>&nbsp;<\/p>\n<p>&nbsp;<\/p>\n<p>&nbsp;<\/p>\n<p><a href=\"https:\/\/www.associationdemarie.org\/blog\/wp-content\/uploads\/2017\/04\/Sr.-Faustine.png\"><img loading=\"lazy\" decoding=\"async\" class=\"aligncenter  wp-image-14763\" src=\"https:\/\/www.associationdemarie.org\/blog\/wp-content\/uploads\/2017\/04\/Sr.-Faustine.png\" alt=\"Sr. Faustine\" width=\"422\" height=\"484\" srcset=\"https:\/\/www.associationdemarie.org\/blog\/wp-content\/uploads\/2017\/04\/Sr.-Faustine.png 1157w, https:\/\/www.associationdemarie.org\/blog\/wp-content\/uploads\/2017\/04\/Sr.-Faustine-262x300.png 262w, https:\/\/www.associationdemarie.org\/blog\/wp-content\/uploads\/2017\/04\/Sr.-Faustine-893x1024.png 893w\" sizes=\"auto, (max-width: 422px) 100vw, 422px\" \/><\/a><\/p>\n<p>&nbsp;<\/p>\n","protected":false},"excerpt":{"rendered":"<p>QUATRI\u00c8ME JOUR Paroles de Notre-Seigneur : \u00ab Aujourd\u2019hui, am\u00e8ne-Moi les pa\u00efens et ceux qui ne Me connaissent pas encore. Dans mon am\u00e8re Passion, J&rsquo;ai \u00e9galement pens\u00e9 \u00e0 eux, et leur z\u00e8le consolait Mon C\u0153ur. Immerge-les maintenant dans l\u2019oc\u00e9an de Ma Mis\u00e9ricorde. \u00bb Prions pour les pa\u00efens et incroyants : Tr\u00e8s Mis\u00e9ricordieux J\u00e9sus, qui \u00eates la [&hellip;]<\/p>\n","protected":false},"author":2,"featured_media":0,"comment_status":"closed","ping_status":"closed","sticky":false,"template":"","format":"standard","meta":{"footnotes":""},"categories":[1248],"tags":[307,712,1094],"class_list":["post-9304","post","type-post","status-publish","format-standard","hentry","category-neuvaine-a-la-misericorde-divine","tag-divine-misericorde","tag-neuvaine","tag-ste-faustine"],"_links":{"self":[{"href":"https:\/\/www.associationdemarie.org\/blog\/wp-json\/wp\/v2\/posts\/9304","targetHints":{"allow":["GET"]}}],"collection":[{"href":"https:\/\/www.associationdemarie.org\/blog\/wp-json\/wp\/v2\/posts"}],"about":[{"href":"https:\/\/www.associationdemarie.org\/blog\/wp-json\/wp\/v2\/types\/post"}],"author":[{"embeddable":true,"href":"https:\/\/www.associationdemarie.org\/blog\/wp-json\/wp\/v2\/users\/2"}],"replies":[{"embeddable":true,"href":"https:\/\/www.associationdemarie.org\/blog\/wp-json\/wp\/v2\/comments?post=9304"}],"version-history":[{"count":8,"href":"https:\/\/www.associationdemarie.org\/blog\/wp-json\/wp\/v2\/posts\/9304\/revisions"}],"predecessor-version":[{"id":14765,"href":"https:\/\/www.associationdemarie.org\/blog\/wp-json\/wp\/v2\/posts\/9304\/revisions\/14765"}],"wp:attachment":[{"href":"https:\/\/www.associationdemarie.org\/blog\/wp-json\/wp\/v2\/media?parent=9304"}],"wp:term":[{"taxonomy":"category","embeddable":true,"href":"https:\/\/www.associationdemarie.org\/blog\/wp-json\/wp\/v2\/categories?post=9304"},{"taxonomy":"post_tag","embeddable":true,"href":"https:\/\/www.associationdemarie.org\/blog\/wp-json\/wp\/v2\/tags?post=9304"}],"curies":[{"name":"wp","href":"https:\/\/api.w.org\/{rel}","templated":true}]}}