{"id":9299,"date":"2014-04-30T01:24:18","date_gmt":"2014-04-30T00:24:18","guid":{"rendered":"http:\/\/www.associationdemarie.org\/blog\/?p=9299"},"modified":"2014-04-09T07:34:37","modified_gmt":"2014-04-09T06:34:37","slug":"marie-2","status":"publish","type":"post","link":"https:\/\/www.associationdemarie.org\/blog\/marie-2\/","title":{"rendered":"Marie"},"content":{"rendered":"<div><\/div>\n<div><\/div>\n<div><\/div>\n<div><\/div>\n<div><span style=\"color: #ffffff;\">.<\/span><a href=\"https:\/\/www.associationdemarie.org\/blog\/wp-content\/uploads\/2014\/04\/la-pieta-by-michelangelo-juan-jose-espinoza.jpg\"><img loading=\"lazy\" decoding=\"async\" class=\"aligncenter  wp-image-9300\" alt=\"la-pieta-by-michelangelo-juan-jose-espinoza\" src=\"https:\/\/www.associationdemarie.org\/blog\/wp-content\/uploads\/2014\/04\/la-pieta-by-michelangelo-juan-jose-espinoza.jpg\" width=\"389\" height=\"540\" srcset=\"https:\/\/www.associationdemarie.org\/blog\/wp-content\/uploads\/2014\/04\/la-pieta-by-michelangelo-juan-jose-espinoza.jpg 649w, https:\/\/www.associationdemarie.org\/blog\/wp-content\/uploads\/2014\/04\/la-pieta-by-michelangelo-juan-jose-espinoza-216x300.jpg 216w\" sizes=\"auto, (max-width: 389px) 100vw, 389px\" \/><\/a><\/div>\n<div><span style=\"color: #ffffff;\">.<\/span><\/div>\n<div>Vous avez faim et soif de Dieu, approchez-vous de la source. Elle est abondante, vous ne l\u2019\u00e9puiserez pas, elle vous d\u00e9salt\u00e8rera ; comme dit J\u00e9sus, elle vous donnera encore soif. Demandez qu\u2019au cours de cette vie il n\u2019y ait pas un instant o\u00f9 vous n\u2019ayez faim et soif de Dieu. Et la Vierge Marie vous donnera, elle vous donnera gratuitement. Ne songez pas \u00e0 lui rendre. \u00ab\u00a0Venez, achetez sans argent, achetez gratuitement\u00a0\u00bb (Is 55,1). La Vierge Marie a de la joie \u00e0 donner ainsi \u00e0 ses enfants. L\u2019enfant n\u2019ach\u00e8te pas le lait maternel, nous n\u2019achetons pas la vie de Dieu, il nous la donne. Il est heureux de la donner.<\/div>\n<div>\u00a0(&#8230;)<\/div>\n<div>La Vierge a \u00e9t\u00e9 humaine, plus que nous-m\u00eames sommes humains. (&#8230;) La Vierge est aussi plus m\u00e8re que toutes les m\u00e8res : elle est uniquement m\u00e8re.<\/div>\n<div>Marie est de notre race, elle a v\u00e9cu pr\u00e8s de nous, elle nous comprend, elle nous aime.<\/div>\n<div>(&#8230;)\u00a0<b>La sollicitude de la Vierge s\u2019\u00e9tend \u00e0 tous les d\u00e9tails de notre vie. Elle est maternellement pench\u00e9e sur tous les progr\u00e8s de notre \u00e2me. Donnons-lui toute notre confiance, faisons tout passer par elle.<\/b><\/div>\n<div>(&#8230;) Nous nous agitons, notre imagination n\u2019est pas pacifi\u00e9e, notre intelligence est orgueilleuse, nos sens insatisfaits et exigeants, et nous avons beaucoup \u00e0 faire pour calmer ces activit\u00e9s. Eh bien ! Mettons-nous sous le manteau de la Vierge, demandons-lui un rayon de sa puret\u00e9 pour assouplir et apaiser nos facult\u00e9s ; elle fera cela en m\u00e8re, comme on calme un enfant agit\u00e9 par la fi\u00e8vre. Demandons-lui de nous garder en paix dans le myst\u00e8re et l\u2019obscurit\u00e9 de Dieu.<\/div>\n<div>C\u2019est une co\u00efncidence que l\u2019on pourrait juger fortuite, un apaisement subit, une lumi\u00e8re, une rencontre, que sais-je ! un rien insignifiant en apparence mais dans lequel le c\u0153ur de l\u2019enfant reconna\u00eet avec certitude l\u2019action, le sourire, le parfum et donc la pr\u00e9sence de sa m\u00e8re. Savoir que sa m\u00e8re est l\u00e0 et veille sur lui dans la nuit, met son c\u0153ur en f\u00eate et renouvelle ses forces et son esp\u00e9rance. Sa t\u00e2che maternelle termin\u00e9e, Marie revient en ces profondeurs o\u00f9 un clair-obscur laisse \u00e0 peine soup\u00e7onner sa pr\u00e9sence.<\/div>\n<div>(&#8230;) Dans l\u2019\u00c9glise de Dieu, Marie va consid\u00e9rer comme son fief particulier les faibles et les pauvres.<\/div>\n<div>Elle \u00e9claire les nuits les plus sombres<\/div>\n<div>Marie veille dans la nuit car elle est l\u2019astre qui \u00e9claire les nuits les plus sombres. Elle sera tendre pour son enfant jusque et surtout dans les situations les plus angoissantes et dans les d\u00e9tresses les plus m\u00e9rit\u00e9es.<\/div>\n<div>Lorsqu\u2019il n\u2019y a plus d\u2019espoir apparent ou m\u00eame r\u00e9el, c\u2019est l\u2019heure de Marie parce qu\u2019elle est toute m\u00e8re et uniquement m\u00e8re.<\/div>\n<div><\/div>\n<p><i>P\u00e8re Marie-Eug\u00e8ne\u00a0 de l&rsquo;Enfant-J\u00e9sus, carme, fondateur de Notre-Dame de Vie\u00a0\u00a0<\/i><\/p>\n<div><i>in \u00ab\u00a0Marie M\u00e8re de la Vie\u00a0\u00bb<\/i><\/div>\n<div><\/div>\n<div><\/div>\n<div><\/div>\n<div><\/div>\n","protected":false},"excerpt":{"rendered":"<p>. . Vous avez faim et soif de Dieu, approchez-vous de la source. Elle est abondante, vous ne l\u2019\u00e9puiserez pas, elle vous d\u00e9salt\u00e8rera ; comme dit J\u00e9sus, elle vous donnera encore soif. Demandez qu\u2019au cours de cette vie il n\u2019y ait pas un instant o\u00f9 vous n\u2019ayez faim et soif de Dieu. Et la Vierge [&hellip;]<\/p>\n","protected":false},"author":2,"featured_media":0,"comment_status":"closed","ping_status":"closed","sticky":false,"template":"","format":"standard","meta":{"footnotes":""},"categories":[13,14,26,28],"tags":[65,336,636],"class_list":["post-9299","post","type-post","status-publish","format-standard","hentry","category-ecritures","category-groupe-prieres","category-priere-des-ames","category-saints-et-saintes","tag-amour-et-paix","tag-eglise","tag-marie"],"_links":{"self":[{"href":"https:\/\/www.associationdemarie.org\/blog\/wp-json\/wp\/v2\/posts\/9299","targetHints":{"allow":["GET"]}}],"collection":[{"href":"https:\/\/www.associationdemarie.org\/blog\/wp-json\/wp\/v2\/posts"}],"about":[{"href":"https:\/\/www.associationdemarie.org\/blog\/wp-json\/wp\/v2\/types\/post"}],"author":[{"embeddable":true,"href":"https:\/\/www.associationdemarie.org\/blog\/wp-json\/wp\/v2\/users\/2"}],"replies":[{"embeddable":true,"href":"https:\/\/www.associationdemarie.org\/blog\/wp-json\/wp\/v2\/comments?post=9299"}],"version-history":[{"count":3,"href":"https:\/\/www.associationdemarie.org\/blog\/wp-json\/wp\/v2\/posts\/9299\/revisions"}],"predecessor-version":[{"id":9303,"href":"https:\/\/www.associationdemarie.org\/blog\/wp-json\/wp\/v2\/posts\/9299\/revisions\/9303"}],"wp:attachment":[{"href":"https:\/\/www.associationdemarie.org\/blog\/wp-json\/wp\/v2\/media?parent=9299"}],"wp:term":[{"taxonomy":"category","embeddable":true,"href":"https:\/\/www.associationdemarie.org\/blog\/wp-json\/wp\/v2\/categories?post=9299"},{"taxonomy":"post_tag","embeddable":true,"href":"https:\/\/www.associationdemarie.org\/blog\/wp-json\/wp\/v2\/tags?post=9299"}],"curies":[{"name":"wp","href":"https:\/\/api.w.org\/{rel}","templated":true}]}}