{"id":9297,"date":"2017-04-16T02:18:01","date_gmt":"2017-04-16T01:18:01","guid":{"rendered":"http:\/\/www.associationdemarie.org\/blog\/?p=9297"},"modified":"2017-04-15T22:55:53","modified_gmt":"2017-04-15T21:55:53","slug":"neuvaine-a-la-misericorde-divine-4","status":"publish","type":"post","link":"https:\/\/www.associationdemarie.org\/blog\/neuvaine-a-la-misericorde-divine-4\/","title":{"rendered":"Neuvaine \u00e0 la Mis\u00e9ricorde Divine &#8211; Jour 3"},"content":{"rendered":"<h3>TROISI\u00c8ME JOUR<\/h3>\n<p>Paroles de Notre-Seigneur :<\/p>\n<p><em><strong>\u00ab Aujourd\u2019hui, am\u00e8ne-Moi toutes les \u00e2mes pieuses et fid\u00e8les, immerge-les dans l\u2019oc\u00e9an de Ma Mis\u00e9ricorde. Ces \u00e2mes M&rsquo;ont r\u00e9confort\u00e9 sur le chemin du calvaire, elles \u00e9taient cette goutte de consolation, au milieu d&rsquo;un oc\u00e9an d\u2019amertume. \u00bb<\/strong><\/em><\/p>\n<p>&nbsp;<\/p>\n<p>Prions pour tous les chr\u00e9tiens fid\u00e8les :<br \/>\nTr\u00e8s Mis\u00e9ricordieux J\u00e9sus, qui accordez surabondamment les gr\u00e2ces du tr\u00e9sor de Votre Mis\u00e9ricorde, recevez tous les fid\u00e8les chr\u00e9tiens dans la demeure de Votre C\u0153ur tr\u00e8s Mis\u00e9ricordieux, et ne nous en repoussez \u00e0 jamais. Nous Vous en supplions par l&rsquo;amour inconcevable, dont br\u00fble Votre C\u0153ur pour le P\u00e8re C\u00e9leste.<\/p>\n<p>Pater&#8230; Ave&#8230; Gloria&#8230;<\/p>\n<p>P\u00e8re \u00c9ternel, jetez un regard de compassion sur les \u00e2mes fid\u00e8les, h\u00e9ritage de Votre Fils, et par les m\u00e9rites de Sa douloureuse Passion, accordez-leur Votre b\u00e9n\u00e9diction et enveloppez-les de Votre protection perp\u00e9tuelle, afin qu\u2019ils ne perdent pas l\u2019amour et le tr\u00e9sor de la Sainte Foi, mais qu\u2019avec le ch\u0153ur des Anges et des Saints ils louent \u00e9ternellement Votre Mis\u00e9ricorde infinie. AMEN<\/p>\n<p>&nbsp;<\/p>\n<p><a href=\"https:\/\/www.associationdemarie.org\/blog\/wp-content\/uploads\/2014\/04\/SacreCoeur.png\"><img loading=\"lazy\" decoding=\"async\" class=\"aligncenter wp-image-14663\" src=\"https:\/\/www.associationdemarie.org\/blog\/wp-content\/uploads\/2014\/04\/SacreCoeur.png\" alt=\"SacreCoeur\" width=\"471\" height=\"331\" srcset=\"https:\/\/www.associationdemarie.org\/blog\/wp-content\/uploads\/2014\/04\/SacreCoeur.png 1666w, https:\/\/www.associationdemarie.org\/blog\/wp-content\/uploads\/2014\/04\/SacreCoeur-300x211.png 300w, https:\/\/www.associationdemarie.org\/blog\/wp-content\/uploads\/2014\/04\/SacreCoeur-1024x720.png 1024w\" sizes=\"auto, (max-width: 471px) 100vw, 471px\" \/><\/a><\/p>\n<p>&nbsp;<\/p>\n<p>&nbsp;<\/p>\n<p>&nbsp;<\/p>\n<p>&nbsp;<\/p>\n<p>&nbsp;<\/p>\n<p>&nbsp;<\/p>\n","protected":false},"excerpt":{"rendered":"<p>TROISI\u00c8ME JOUR Paroles de Notre-Seigneur : \u00ab Aujourd\u2019hui, am\u00e8ne-Moi toutes les \u00e2mes pieuses et fid\u00e8les, immerge-les dans l\u2019oc\u00e9an de Ma Mis\u00e9ricorde. Ces \u00e2mes M&rsquo;ont r\u00e9confort\u00e9 sur le chemin du calvaire, elles \u00e9taient cette goutte de consolation, au milieu d&rsquo;un oc\u00e9an d\u2019amertume. \u00bb &nbsp; Prions pour tous les chr\u00e9tiens fid\u00e8les : Tr\u00e8s Mis\u00e9ricordieux J\u00e9sus, qui accordez [&hellip;]<\/p>\n","protected":false},"author":2,"featured_media":0,"comment_status":"closed","ping_status":"closed","sticky":false,"template":"","format":"standard","meta":{"footnotes":""},"categories":[14,1248],"tags":[218,307,337,763,914,1094],"class_list":["post-9297","post","type-post","status-publish","format-standard","hentry","category-groupe-prieres","category-neuvaine-a-la-misericorde-divine","tag-chretiens","tag-divine-misericorde","tag-eglise-universelle","tag-paques","tag-sacre-coeur-de-jesus","tag-ste-faustine"],"_links":{"self":[{"href":"https:\/\/www.associationdemarie.org\/blog\/wp-json\/wp\/v2\/posts\/9297","targetHints":{"allow":["GET"]}}],"collection":[{"href":"https:\/\/www.associationdemarie.org\/blog\/wp-json\/wp\/v2\/posts"}],"about":[{"href":"https:\/\/www.associationdemarie.org\/blog\/wp-json\/wp\/v2\/types\/post"}],"author":[{"embeddable":true,"href":"https:\/\/www.associationdemarie.org\/blog\/wp-json\/wp\/v2\/users\/2"}],"replies":[{"embeddable":true,"href":"https:\/\/www.associationdemarie.org\/blog\/wp-json\/wp\/v2\/comments?post=9297"}],"version-history":[{"count":4,"href":"https:\/\/www.associationdemarie.org\/blog\/wp-json\/wp\/v2\/posts\/9297\/revisions"}],"predecessor-version":[{"id":14716,"href":"https:\/\/www.associationdemarie.org\/blog\/wp-json\/wp\/v2\/posts\/9297\/revisions\/14716"}],"wp:attachment":[{"href":"https:\/\/www.associationdemarie.org\/blog\/wp-json\/wp\/v2\/media?parent=9297"}],"wp:term":[{"taxonomy":"category","embeddable":true,"href":"https:\/\/www.associationdemarie.org\/blog\/wp-json\/wp\/v2\/categories?post=9297"},{"taxonomy":"post_tag","embeddable":true,"href":"https:\/\/www.associationdemarie.org\/blog\/wp-json\/wp\/v2\/tags?post=9297"}],"curies":[{"name":"wp","href":"https:\/\/api.w.org\/{rel}","templated":true}]}}