{"id":9284,"date":"2017-04-13T02:01:14","date_gmt":"2017-04-13T01:01:14","guid":{"rendered":"http:\/\/www.associationdemarie.org\/blog\/?p=9284"},"modified":"2017-04-13T09:00:16","modified_gmt":"2017-04-13T08:00:16","slug":"neuvaine-a-la-misericorde-divine","status":"publish","type":"post","link":"https:\/\/www.associationdemarie.org\/blog\/neuvaine-a-la-misericorde-divine\/","title":{"rendered":"Neuvaine \u00e0 la Mis\u00e9ricorde Divine"},"content":{"rendered":"<p><img loading=\"lazy\" decoding=\"async\" class=\"alignright wp-image-9289\" src=\"https:\/\/www.associationdemarie.org\/blog\/wp-content\/uploads\/2014\/04\/faustine.jpg\" alt=\"faustine\" width=\"160\" height=\"245\" \/><\/p>\n<p>La Neuvaine \u00e0 la Mis\u00e9ricorde Divine que J\u00e9sus m&rsquo;ordonna d&rsquo;\u00e9crire et de r\u00e9citer avant la F\u00eate de\u00a0la Mis\u00e9ricorde se commence le Vendredi saint :<\/p>\n<p>\u00ab <strong><em>Je d\u00e9sire que, durant ces neuf jours, tu am\u00e8nes les \u00e2mes \u00e0 la source de Ma Mis\u00e9ricorde, afin\u00a0qu&rsquo;elles puisent force et soulagement, ainsi que toutes les gr\u00e2ces dont elles ont besoin dans\u00a0les difficult\u00e9s de la vie et particuli\u00e8rement \u00e0 l&rsquo;heure de la mort.<\/em><\/strong><br \/>\n<strong><em>Chaque jour tu am\u00e8neras jusqu&rsquo;\u00e0 Mon Coeur un nouveau groupe d&rsquo;\u00e2mes et tu les plongeras\u00a0dans l&rsquo;immensit\u00e9 de Ma Mis\u00e9ricorde (\u2026)<\/em><\/strong><br \/>\n<strong><em>Je ne refuserai rien \u00e0 toute \u00e2me que tu am\u00e8neras \u00e0 la source de Ma Mis\u00e9ricorde.\u00a0Et chaque jour tu imploreras Mon P\u00e8re, au nom de Ma douloureuse Passion, de t&rsquo;accorder\u00a0des gr\u00e2ces pour ces \u00e2mes-l\u00e0.<\/em><\/strong> \u00bb<\/p>\n<p>Sainte Faustine<\/p>\n<p>&nbsp;<\/p>\n<p>&nbsp;<\/p>\n<p><a href=\"https:\/\/www.associationdemarie.org\/blog\/wp-content\/uploads\/2017\/04\/lancementNeuvaine.png\"><img loading=\"lazy\" decoding=\"async\" class=\"aligncenter  wp-image-14680\" src=\"https:\/\/www.associationdemarie.org\/blog\/wp-content\/uploads\/2017\/04\/lancementNeuvaine.png\" alt=\"lancementNeuvaine\" width=\"458\" height=\"323\" srcset=\"https:\/\/www.associationdemarie.org\/blog\/wp-content\/uploads\/2017\/04\/lancementNeuvaine.png 1663w, https:\/\/www.associationdemarie.org\/blog\/wp-content\/uploads\/2017\/04\/lancementNeuvaine-300x211.png 300w, https:\/\/www.associationdemarie.org\/blog\/wp-content\/uploads\/2017\/04\/lancementNeuvaine-1024x722.png 1024w\" sizes=\"auto, (max-width: 458px) 100vw, 458px\" \/><\/a><\/p>\n<p>&nbsp;<\/p>\n<p>&nbsp;<\/p>\n<p>&nbsp;<\/p>\n<p>&nbsp;<\/p>\n<p><span style=\"color: #ffffff;\">.<\/span><\/p>\n","protected":false},"excerpt":{"rendered":"<p>La Neuvaine \u00e0 la Mis\u00e9ricorde Divine que J\u00e9sus m&rsquo;ordonna d&rsquo;\u00e9crire et de r\u00e9citer avant la F\u00eate de\u00a0la Mis\u00e9ricorde se commence le Vendredi saint : \u00ab Je d\u00e9sire que, durant ces neuf jours, tu am\u00e8nes les \u00e2mes \u00e0 la source de Ma Mis\u00e9ricorde, afin\u00a0qu&rsquo;elles puisent force et soulagement, ainsi que toutes les gr\u00e2ces dont elles ont [&hellip;]<\/p>\n","protected":false},"author":2,"featured_media":0,"comment_status":"closed","ping_status":"closed","sticky":false,"template":"","format":"standard","meta":{"footnotes":""},"categories":[14,1248,26,27,28],"tags":[60,220,300,307,712,777,1094],"class_list":["post-9284","post","type-post","status-publish","format-standard","hentry","category-groupe-prieres","category-neuvaine-a-la-misericorde-divine","category-priere-des-ames","category-prieres","category-saints-et-saintes","tag-ames","tag-christ","tag-dimanche-de-la-misericorde","tag-divine-misericorde","tag-neuvaine","tag-passion","tag-ste-faustine"],"_links":{"self":[{"href":"https:\/\/www.associationdemarie.org\/blog\/wp-json\/wp\/v2\/posts\/9284","targetHints":{"allow":["GET"]}}],"collection":[{"href":"https:\/\/www.associationdemarie.org\/blog\/wp-json\/wp\/v2\/posts"}],"about":[{"href":"https:\/\/www.associationdemarie.org\/blog\/wp-json\/wp\/v2\/types\/post"}],"author":[{"embeddable":true,"href":"https:\/\/www.associationdemarie.org\/blog\/wp-json\/wp\/v2\/users\/2"}],"replies":[{"embeddable":true,"href":"https:\/\/www.associationdemarie.org\/blog\/wp-json\/wp\/v2\/comments?post=9284"}],"version-history":[{"count":9,"href":"https:\/\/www.associationdemarie.org\/blog\/wp-json\/wp\/v2\/posts\/9284\/revisions"}],"predecessor-version":[{"id":14682,"href":"https:\/\/www.associationdemarie.org\/blog\/wp-json\/wp\/v2\/posts\/9284\/revisions\/14682"}],"wp:attachment":[{"href":"https:\/\/www.associationdemarie.org\/blog\/wp-json\/wp\/v2\/media?parent=9284"}],"wp:term":[{"taxonomy":"category","embeddable":true,"href":"https:\/\/www.associationdemarie.org\/blog\/wp-json\/wp\/v2\/categories?post=9284"},{"taxonomy":"post_tag","embeddable":true,"href":"https:\/\/www.associationdemarie.org\/blog\/wp-json\/wp\/v2\/tags?post=9284"}],"curies":[{"name":"wp","href":"https:\/\/api.w.org\/{rel}","templated":true}]}}