{"id":9280,"date":"2014-04-29T01:32:19","date_gmt":"2014-04-29T00:32:19","guid":{"rendered":"http:\/\/www.associationdemarie.org\/blog\/?p=9280"},"modified":"2014-04-08T07:35:26","modified_gmt":"2014-04-08T06:35:26","slug":"ste-caterina-de-sienne-copatronne-de-leurope-fete","status":"publish","type":"post","link":"https:\/\/www.associationdemarie.org\/blog\/ste-caterina-de-sienne-copatronne-de-leurope-fete\/","title":{"rendered":"Ste Caterina de Sienne, copatronne de l&rsquo;Europe &#8211; F\u00eate"},"content":{"rendered":"<div>\n<p><a href=\"https:\/\/www.associationdemarie.org\/blog\/wp-content\/uploads\/2014\/04\/pompei.jpg\"><img loading=\"lazy\" decoding=\"async\" class=\"aligncenter size-full wp-image-9281\" alt=\"pompei\" src=\"https:\/\/www.associationdemarie.org\/blog\/wp-content\/uploads\/2014\/04\/pompei.jpg\" width=\"396\" height=\"499\" srcset=\"https:\/\/www.associationdemarie.org\/blog\/wp-content\/uploads\/2014\/04\/pompei.jpg 396w, https:\/\/www.associationdemarie.org\/blog\/wp-content\/uploads\/2014\/04\/pompei-238x300.jpg 238w\" sizes=\"auto, (max-width: 396px) 100vw, 396px\" \/><\/a><\/p>\n<table border=\"0\" cellspacing=\"0\" cellpadding=\"0\" align=\"left\">\n<tbody>\n<tr>\n<td align=\"left\" valign=\"top\">C<\/td>\n<\/tr>\n<\/tbody>\n<\/table>\n<\/div>\n<p>aterina, l&rsquo;une des saintes les plus merveilleuses qui aient paru sur la terre, naquit \u00e0 Sienne (Toscane, Italie) le 25 mars 1347, de parents vertueux, mais qui pourtant, chose incroyable, se firent longtemps ses pers\u00e9cuteurs et entrav\u00e8rent, autant qu&rsquo;il leur fut possible, sa vocation religieuse.<\/p>\n<p>D\u00e8s l&rsquo;\u00e2ge de cinq ans, elle ne montait les escaliers de la maison paternelle qu&rsquo;\u00e0 genoux, r\u00e9citant l&rsquo;Ave Maria \u00e0 chaque degr\u00e9. Vers cette \u00e9poque, elle eut une apparition de Notre-Seigneur, qui lui r\u00e9v\u00e9la tous les secrets de la vie parfaite.<\/p>\n<p>Un jour, l&rsquo;admirable enfant, se prosternant dans sa chambre, pria la tr\u00e8s Sainte Vierge de lui donner son divin Fils pour \u00c9poux, et d\u00e8s lors elle ne songea qu&rsquo;\u00e0 la vie religieuse, qui passionnait noblement son \u00e2me. Comme ses parents voulaient la marier, Dieu leur fit comprendre par diff\u00e9rents signes extraordinaires que leur fille devait rester vierge ; malgr\u00e9 tout, ils persist\u00e8rent \u00e0 la retenir dans le monde. Catherine ne se d\u00e9couragea pas ; elle se fit comme une cellule au fond de son c\u0153ur, o\u00f9 elle trouvait toujours son Bien-Aim\u00e9.<\/p>\n<p>C&rsquo;est alors que commen\u00e7a pour elle une vie de telles aust\u00e9rit\u00e9s, que les Vies des Saints nous offrent peu de pareils exemples : disciplines, ch\u00e2ssis de fer, cilice, privation de nourriture et de sommeil, elle n&rsquo;ignora rien de tous ces martyres volontaires ; elle en vint \u00e0 ne dormir qu&rsquo;une demi-heure en deux nuits, ce fut la mortification qui lui co\u00fbta le plus. C&rsquo;\u00e9tait une lutte continuelle entre la m\u00e8re et la fille, la tendresse de l&rsquo;une voulant \u00e9viter \u00e0 l&rsquo;autre ce martyre de chaque jour, la passion de la souffrance chez l&rsquo;une rendant inutile l&rsquo;humaine compassion de l&rsquo;autre.<\/p>\n<p>De guerre lasse, il fallut enfin laisser partir au couvent cette fille si ch\u00e9rie et si longtemps maltrait\u00e9e : Catherine, \u00e0 l\u2019\u00e2ge de 16 ans, pouss\u00e9e par une vision de saint Dominique, entra dans le Tiers Ordre dominicain, dans la branche f\u00e9minine dite des Mantellate.<\/p>\n<p>D\u00e8s lors sa vie devint de plus en plus \u00e9tonnante. Elle eut quelques tentations p\u00e9nibles pour son \u00e2me ang\u00e9lique ; le Sauveur, pour la r\u00e9compenser de la victoire, lui apparut couvert des ignominies de sa Passion : \u00ab\u00a0<em>O\u00f9 \u00e9tiez-vous donc, Seigneur, pendant ce terrible combat ?\u00a0<\/em>&#8211;\u00a0<em>Ma fille, j&rsquo;\u00e9tais dans ton c\u0153ur, et je me r\u00e9jouissais de ta fid\u00e9lit\u00e9.<\/em>\u00a0\u00bb<\/p>\n<p>Dans une de ses apparitions, le Sauveur \u00f4ta le c\u0153ur de la poitrine de sa servante et mit le sien \u00e0 sa place. Une autre fois, elle re\u00e7ut les stigmates du divin Crucifi\u00e9. Souvent, au moment de la communion, l&rsquo;Hostie s&rsquo;\u00e9chappait des mains du pr\u00eatre pour voler vers la bouche de Catherine.<\/p>\n<p><a href=\"https:\/\/www.associationdemarie.org\/blog\/wp-content\/uploads\/2014\/04\/31dbe94a1a.jpg\"><img loading=\"lazy\" decoding=\"async\" class=\"alignright size-full wp-image-9282\" alt=\"31dbe94a1a\" src=\"https:\/\/www.associationdemarie.org\/blog\/wp-content\/uploads\/2014\/04\/31dbe94a1a.jpg\" width=\"150\" height=\"424\" srcset=\"https:\/\/www.associationdemarie.org\/blog\/wp-content\/uploads\/2014\/04\/31dbe94a1a.jpg 150w, https:\/\/www.associationdemarie.org\/blog\/wp-content\/uploads\/2014\/04\/31dbe94a1a-106x300.jpg 106w\" sizes=\"auto, (max-width: 150px) 100vw, 150px\" \/><\/a>Sa vie enti\u00e8re fut un miracle. Dieu permit qu&rsquo;elle exer\u00e7\u00e2t une immense influence sur son \u00e9poque, et qu&rsquo;elle contribu\u00e2t pour beaucoup \u00e0 la cessation du grand schisme d&rsquo;Occident.<\/p>\n<p>Elle mourut le 29 avril 1380, \u00e0 l&rsquo;\u00e2ge de trente-trois ans.<\/p>\n<p>Le proc\u00e8s en canonisation de Catherine de Sienne commence d\u00e8s 1411, mais est suspendu du fait du Grand Schisme d\u2019Occident et ne reprend qu&rsquo;apr\u00e8s le Concile de Constance et l&rsquo;\u00e9lection du pape Martin V (Oddone Colonna, 1417-1431).<\/p>\n<p>C&rsquo;est le pape Pie II (Enea Silvio Piccolimini, 1458-1464) qui d\u00e9clare\u00a0<em>Catherine de Sienne\u00a0sainte le 29 juin 1461<\/em>, jour de la f\u00eate des ap\u00f4tres Pierre et Paul, dans la Basilique vaticane.<\/p>\n<p>Le Bx Pie IX (Giovanni Maria Mastai Ferretti, 1846-1878),\u00a0\u00a0dans le d\u00e9cret du 13 avril 1866\u00a0\u00a0d\u00e9clare Catherine de Sienne Co-patronne de Rome.<\/p>\n<p>Le 18 juin 1939, le V\u00e9n\u00e9rable Pie XII (Eugenio Pacelli, 1939-1958)\u00a0d\u00e9clare Catherine de Sienne sainte patronne principale d&rsquo;Italie, au m\u00eame niveau que saint Fran\u00e7ois d\u2019Assise.<\/p>\n<p>Le 4 octobre 1970, le\u00a0V\u00e9n\u00e9rable\u00a0\u00a0Paul VI (Giovanni Battista Montini, 1963-1978)\u00a0donne \u00e0 Catherine de Sienne le titre de docteur de l\u2019\u00c9glise, elle devient ainsi la seconde femme \u00e0 obtenir cette distinction dans l&rsquo;\u00c9glise (apr\u00e8s Th\u00e9r\u00e8se d\u2019Avila et avant Th\u00e9r\u00e8se de Lisieux).<\/p>\n<p>Le 1er octobre 1999, le\u00a0Bx Jean Paul II\u00a0(Karol J\u00f3zef Wojty?a, 1978-2005)\u00a0la d\u00e9clare sainte patronne de l&rsquo;Europe avec Edith Stein et Brigitte de Su\u00e8de.<\/p>\n<p align=\"center\">Pour approfondir, lire\u00a0la Cat\u00e9ch\u00e8se du Pape Beno\u00eet XVI :<\/p>\n<p align=\"center\"><a href=\"http:\/\/www.vatican.va\/holy_father\/benedict_xvi\/audiences\/2010\/documents\/hf_ben-xvi_aud_20101124_fr.html\">&gt;&gt;&gt;\u00a0\u00a0Catherine de Sienne<\/a><\/p>\n<p align=\"center\">\u00a0[<a href=\"http:\/\/www.vatican.va\/holy_father\/benedict_xvi\/audiences\/2010\/documents\/hf_ben-xvi_aud_20101124_ge.html\">Allemand<\/a>,\u00a0<a href=\"http:\/\/www.vatican.va\/holy_father\/benedict_xvi\/audiences\/2010\/documents\/hf_ben-xvi_aud_20101124_en.html\">Anglais<\/a>,\u00a0<a href=\"http:\/\/www.vatican.va\/holy_father\/benedict_xvi\/audiences\/2010\/documents\/hf_ben-xvi_aud_20101124_hr.html\">Croate<\/a>,\u00a0<a href=\"http:\/\/www.vatican.va\/holy_father\/benedict_xvi\/audiences\/2010\/documents\/hf_ben-xvi_aud_20101124_sp.html\">Espagnol<\/a>,\u00a0<a href=\"http:\/\/www.vatican.va\/holy_father\/benedict_xvi\/audiences\/2010\/documents\/hf_ben-xvi_aud_20101124_fr.html\">Fran\u00e7ais<\/a>,\u00a0<a href=\"http:\/\/www.vatican.va\/holy_father\/benedict_xvi\/audiences\/2010\/documents\/hf_ben-xvi_aud_20101124_it.html\">Italien<\/a>,\u00a0<a href=\"http:\/\/www.vatican.va\/holy_father\/benedict_xvi\/audiences\/2010\/documents\/hf_ben-xvi_aud_20101124_po.html\">Portugais<\/a>]<br \/>\net\u00a0<a href=\"http:\/\/livres-mystiques.com\/partieTEXTES\/Cdesienne\/table.html\">&gt;&gt;&gt;Les \u0153uvres de Sainte Catherine de Sienne<\/a><\/p>\n<p>Sources principales : viechretienne.catholique.org\/ ; wikip\u00e9dia (\u00ab R\u00e9v. x gpm \u00bb).<\/p>\n","protected":false},"excerpt":{"rendered":"<p>C aterina, l&rsquo;une des saintes les plus merveilleuses qui aient paru sur la terre, naquit \u00e0 Sienne (Toscane, Italie) le 25 mars 1347, de parents vertueux, mais qui pourtant, chose incroyable, se firent longtemps ses pers\u00e9cuteurs et entrav\u00e8rent, autant qu&rsquo;il leur fut possible, sa vocation religieuse. D\u00e8s l&rsquo;\u00e2ge de cinq ans, elle ne montait les [&hellip;]<\/p>\n","protected":false},"author":2,"featured_media":0,"comment_status":"closed","ping_status":"closed","sticky":false,"template":"","format":"standard","meta":{"footnotes":""},"categories":[3,13,15,28],"tags":[158,386,536,647,902,1089],"class_list":["post-9280","post","type-post","status-publish","format-standard","hentry","category-liturgique","category-ecritures","category-histoire","category-saints-et-saintes","tag-bienheureux-jean-paul-2","tag-europe","tag-jesus-christ","tag-martyr","tag-rosaire","tag-ste-catherine-de-sienne"],"_links":{"self":[{"href":"https:\/\/www.associationdemarie.org\/blog\/wp-json\/wp\/v2\/posts\/9280","targetHints":{"allow":["GET"]}}],"collection":[{"href":"https:\/\/www.associationdemarie.org\/blog\/wp-json\/wp\/v2\/posts"}],"about":[{"href":"https:\/\/www.associationdemarie.org\/blog\/wp-json\/wp\/v2\/types\/post"}],"author":[{"embeddable":true,"href":"https:\/\/www.associationdemarie.org\/blog\/wp-json\/wp\/v2\/users\/2"}],"replies":[{"embeddable":true,"href":"https:\/\/www.associationdemarie.org\/blog\/wp-json\/wp\/v2\/comments?post=9280"}],"version-history":[{"count":1,"href":"https:\/\/www.associationdemarie.org\/blog\/wp-json\/wp\/v2\/posts\/9280\/revisions"}],"predecessor-version":[{"id":9283,"href":"https:\/\/www.associationdemarie.org\/blog\/wp-json\/wp\/v2\/posts\/9280\/revisions\/9283"}],"wp:attachment":[{"href":"https:\/\/www.associationdemarie.org\/blog\/wp-json\/wp\/v2\/media?parent=9280"}],"wp:term":[{"taxonomy":"category","embeddable":true,"href":"https:\/\/www.associationdemarie.org\/blog\/wp-json\/wp\/v2\/categories?post=9280"},{"taxonomy":"post_tag","embeddable":true,"href":"https:\/\/www.associationdemarie.org\/blog\/wp-json\/wp\/v2\/tags?post=9280"}],"curies":[{"name":"wp","href":"https:\/\/api.w.org\/{rel}","templated":true}]}}