{"id":9269,"date":"2014-04-26T01:53:14","date_gmt":"2014-04-26T00:53:14","guid":{"rendered":"http:\/\/www.associationdemarie.org\/blog\/?p=9269"},"modified":"2014-04-05T06:57:55","modified_gmt":"2014-04-05T05:57:55","slug":"allez-dans-le-monde-entier-proclamez-la-bonne-nouvelle-a-toute-la-creation","status":"publish","type":"post","link":"https:\/\/www.associationdemarie.org\/blog\/allez-dans-le-monde-entier-proclamez-la-bonne-nouvelle-a-toute-la-creation\/","title":{"rendered":"\u00ab Allez dans le monde entier. Proclamez la Bonne Nouvelle \u00e0 toute la cr\u00e9ation ! \u00bb"},"content":{"rendered":"<p><a href=\"https:\/\/www.associationdemarie.org\/blog\/wp-content\/uploads\/2014\/04\/peinture-Arcabas-Pelerins-d-emmaus.jpg\"><img loading=\"lazy\" decoding=\"async\" class=\"alignleft size-full wp-image-9270\" alt=\"peinture-Arcabas-Pelerins-d-emmaus\" src=\"https:\/\/www.associationdemarie.org\/blog\/wp-content\/uploads\/2014\/04\/peinture-Arcabas-Pelerins-d-emmaus.jpg\" width=\"250\" height=\"299\" \/><\/a>\u00a0L\u2019\u00e9vang\u00e9lisation ob\u00e9it au mandat missionnaire de J\u00e9sus : \u00ab Allez donc ! De toutes les nations faites des disciples, les baptisant au nom du P\u00e8re, et du Fils et du Saint Esprit, leur apprenant \u00e0 observer tout ce que je vous ai prescrit \u00bb (Mt 28,19s)\u2026 Le Ressuscit\u00e9 envoie les siens pr\u00eacher l\u2019\u00c9vangile en tout temps et en tout lieu, pour que la foi en lui se r\u00e9pande partout sur la terre.<\/p>\n<p>Dans la Parole de Dieu appara\u00eet constamment ce dynamisme de \u00ab la sortie \u00bb que Dieu veut provoquer chez les croyants. Abraham a accept\u00e9 l\u2019appel \u00e0 partir vers une terre nouvelle (Gn 12,1) ; Mo\u00efse a \u00e9cout\u00e9 l\u2019appel de Dieu : \u00ab Va, je t\u2019envoie \u00bb (Ex 3,10), et a fait sortir le peuple vers la terre promise ; \u00e0 J\u00e9r\u00e9mie il dit : \u00ab Tu iras vers tous ceux \u00e0 qui je t\u2019enverrai \u00bb (Jr 1,7)\u2026 Nous sommes tous appel\u00e9s \u00e0 cette nouvelle \u00ab sortie \u00bb missionnaire. Tout chr\u00e9tien et toute communaut\u00e9 discernera quel est le chemin que le Seigneur demande, mais nous sommes tous invit\u00e9s \u00e0 accepter cet appel : sortir de notre propre confort et avoir le courage de rejoindre toutes les p\u00e9riph\u00e9ries qui ont besoin de la lumi\u00e8re de l\u2019\u00c9vangile.<\/p>\n<p>La joie de l\u2019\u00c9vangile qui remplit la vie de la communaut\u00e9 des disciples est une joie missionnaire. Les soixante-dix disciples en font l\u2019exp\u00e9rience, eux qui reviennent de la mission pleins de joie (Lc 10,17). J\u00e9sus l\u2019a vu et exulte de joie dans l\u2019Esprit Saint\u2026 Cette joie est un signe que l\u2019\u00c9vangile a \u00e9t\u00e9 annonc\u00e9 et donne du fruit. Mais elle a toujours la dynamique de l\u2019exode et du don, du fait de sortir de soi, de marcher et de semer toujours de nouveau, toujours plus loin. Le Seigneur dit : \u00ab Allons ailleurs, dans les bourgs voisins, afin que j\u2019y pr\u00eache aussi, car c\u2019est pour cela que je suis sorti \u00bb (Mc 1,38)\u2026 Fid\u00e8le au mod\u00e8le du ma\u00eetre, il est vital qu\u2019aujourd\u2019hui l\u2019\u00c9glise sorte pour annoncer l\u2019\u00c9vangile \u00e0 tous, en tous lieux, en toutes occasions, sans h\u00e9sitation, sans r\u00e9pulsion et sans peur.<\/p>\n<p>Pape Fran\u00e7ois<br \/>\n<i>Exhortation apostolique \u00ab La Joie de l\u2019Evangile \/ Evangelii Gaudium \u00bb \u00a719-23 (trad. \u00a9 copyright Libreria Editrice Vaticana)<\/i><\/p>\n<p>&nbsp;<\/p>\n<p>&nbsp;<\/p>\n<p>&nbsp;<\/p>\n","protected":false},"excerpt":{"rendered":"<p>\u00a0L\u2019\u00e9vang\u00e9lisation ob\u00e9it au mandat missionnaire de J\u00e9sus : \u00ab Allez donc ! De toutes les nations faites des disciples, les baptisant au nom du P\u00e8re, et du Fils et du Saint Esprit, leur apprenant \u00e0 observer tout ce que je vous ai prescrit \u00bb (Mt 28,19s)\u2026 Le Ressuscit\u00e9 envoie les siens pr\u00eacher l\u2019\u00c9vangile en tout [&hellip;]<\/p>\n","protected":false},"author":2,"featured_media":0,"comment_status":"closed","ping_status":"closed","sticky":false,"template":"","format":"standard","meta":{"footnotes":""},"categories":[3,4,13],"tags":[91,305,1247,387,761,842,892],"class_list":["post-9269","post","type-post","status-publish","format-standard","hentry","category-liturgique","category-iconographie","category-ecritures","tag-arcabas","tag-disciples","tag-envoi","tag-evangelisation","tag-pape-francois","tag-prophetes","tag-resurrection"],"_links":{"self":[{"href":"https:\/\/www.associationdemarie.org\/blog\/wp-json\/wp\/v2\/posts\/9269","targetHints":{"allow":["GET"]}}],"collection":[{"href":"https:\/\/www.associationdemarie.org\/blog\/wp-json\/wp\/v2\/posts"}],"about":[{"href":"https:\/\/www.associationdemarie.org\/blog\/wp-json\/wp\/v2\/types\/post"}],"author":[{"embeddable":true,"href":"https:\/\/www.associationdemarie.org\/blog\/wp-json\/wp\/v2\/users\/2"}],"replies":[{"embeddable":true,"href":"https:\/\/www.associationdemarie.org\/blog\/wp-json\/wp\/v2\/comments?post=9269"}],"version-history":[{"count":1,"href":"https:\/\/www.associationdemarie.org\/blog\/wp-json\/wp\/v2\/posts\/9269\/revisions"}],"predecessor-version":[{"id":9271,"href":"https:\/\/www.associationdemarie.org\/blog\/wp-json\/wp\/v2\/posts\/9269\/revisions\/9271"}],"wp:attachment":[{"href":"https:\/\/www.associationdemarie.org\/blog\/wp-json\/wp\/v2\/media?parent=9269"}],"wp:term":[{"taxonomy":"category","embeddable":true,"href":"https:\/\/www.associationdemarie.org\/blog\/wp-json\/wp\/v2\/categories?post=9269"},{"taxonomy":"post_tag","embeddable":true,"href":"https:\/\/www.associationdemarie.org\/blog\/wp-json\/wp\/v2\/tags?post=9269"}],"curies":[{"name":"wp","href":"https:\/\/api.w.org\/{rel}","templated":true}]}}