{"id":9254,"date":"2014-04-23T01:10:48","date_gmt":"2014-04-23T00:10:48","guid":{"rendered":"http:\/\/www.associationdemarie.org\/blog\/?p=9254"},"modified":"2014-04-02T07:16:15","modified_gmt":"2014-04-02T06:16:15","slug":"reste-avec-nous-2","status":"publish","type":"post","link":"https:\/\/www.associationdemarie.org\/blog\/reste-avec-nous-2\/","title":{"rendered":"\u00ab Reste avec nous ! \u00bb"},"content":{"rendered":"<p><a href=\"https:\/\/www.associationdemarie.org\/blog\/wp-content\/uploads\/2014\/04\/Emmaus-Arcabas.jpg\"><img loading=\"lazy\" decoding=\"async\" class=\"aligncenter size-medium wp-image-9255\" alt=\"Emmaus - Arcabas\" src=\"https:\/\/www.associationdemarie.org\/blog\/wp-content\/uploads\/2014\/04\/Emmaus-Arcabas-300x204.jpg\" width=\"300\" height=\"204\" srcset=\"https:\/\/www.associationdemarie.org\/blog\/wp-content\/uploads\/2014\/04\/Emmaus-Arcabas-300x204.jpg 300w, https:\/\/www.associationdemarie.org\/blog\/wp-content\/uploads\/2014\/04\/Emmaus-Arcabas.jpg 628w\" sizes=\"auto, (max-width: 300px) 100vw, 300px\" \/><\/a><\/p>\n<p>Fr\u00e8res, quand est-ce que le Seigneur s&rsquo;est fait reconna\u00eetre ? Quand il a rompu pain. Nous en sommes donc assur\u00e9s nous-m\u00eames : quand nous rompons le pain, nous reconnaissons le Seigneur. S\u2019il n\u2019a voulu \u00eatre reconnu qu\u2019\u00e0 cet instant, c\u2019est pour nous, nous qui ne devions pas le voir dans la chair, et qui pourtant devions manger sa chair. Toi donc qui crois en lui, qui que tu sois, toi qui ne portes pas en vain le nom de chr\u00e9tien, toi qui n&rsquo;entres pas par hasard dans l&rsquo;\u00e9glise, toi qui \u00e9coutes la parole de Dieu dans la crainte et l&rsquo;esp\u00e9rance, le pain rompu sera pour toi une consolation. L&rsquo;absence du Seigneur n&rsquo;est pas une vraie absence. Aie confiance, garde la foi, et il est avec toi, m\u00eame si tu ne le vois pas.<\/p>\n<p>Quand le Seigneur les a abord\u00e9s, les disciples n&rsquo;avaient pas la foi. Ils ne croyaient pas en sa r\u00e9surrection ; ils n&rsquo;esp\u00e9raient m\u00eame pas qu&rsquo;il puisse ressusciter. Ils avaient perdu la foi ; ils avaient perdu l&rsquo;esp\u00e9rance. C\u2019\u00e9taient des morts qui marchaient avec un vivant ; ils marchaient, morts, avec la vie. La vie marchait avec eux, mais en leur c\u0153ur, la vie n&rsquo;\u00e9tait pas encore renouvel\u00e9e.<\/p>\n<p>Et toi, d\u00e9sires-tu la vie ? Imite les disciples, et tu reconna\u00eetras le Seigneur. Ils ont offert l&rsquo;hospitalit\u00e9 ; le Seigneur semblait r\u00e9solu \u00e0 poursuivre sa route, mais ils l&rsquo;ont retenu\u2026 Toi aussi, retiens l&rsquo;\u00e9tranger si tu veux reconna\u00eetre ton Sauveur\u2026 Apprends o\u00f9 chercher le Seigneur, o\u00f9 le poss\u00e9der, o\u00f9 le reconna\u00eetre : en partageant le pain avec lui.<\/p>\n<p>Saint Augustin (354-430), \u00e9v\u00eaque d&rsquo;Hippone (Afrique du Nord) et docteur de l&rsquo;\u00c9glise<br \/>\n<i>Sermon 235 ; PL 38, 1117 (trad. coll. Icthus, t. 10, p. 225)<\/i><\/p>\n<p>&nbsp;<\/p>\n<p>&nbsp;<\/p>\n<p>&nbsp;<\/p>\n<p>&nbsp;<\/p>\n","protected":false},"excerpt":{"rendered":"<p>Fr\u00e8res, quand est-ce que le Seigneur s&rsquo;est fait reconna\u00eetre ? Quand il a rompu pain. Nous en sommes donc assur\u00e9s nous-m\u00eames : quand nous rompons le pain, nous reconnaissons le Seigneur. S\u2019il n\u2019a voulu \u00eatre reconnu qu\u2019\u00e0 cet instant, c\u2019est pour nous, nous qui ne devions pas le voir dans la chair, et qui pourtant [&hellip;]<\/p>\n","protected":false},"author":2,"featured_media":0,"comment_status":"closed","ping_status":"closed","sticky":false,"template":"","format":"standard","meta":{"footnotes":""},"categories":[3,1235,13,28],"tags":[218,347,385,754,967,1012],"class_list":["post-9254","post","type-post","status-publish","format-standard","hentry","category-liturgique","category-careme-2014","category-ecritures","category-saints-et-saintes","tag-chretiens","tag-emmaus","tag-eucharistie","tag-pain","tag-seigneur","tag-st-augustin"],"_links":{"self":[{"href":"https:\/\/www.associationdemarie.org\/blog\/wp-json\/wp\/v2\/posts\/9254","targetHints":{"allow":["GET"]}}],"collection":[{"href":"https:\/\/www.associationdemarie.org\/blog\/wp-json\/wp\/v2\/posts"}],"about":[{"href":"https:\/\/www.associationdemarie.org\/blog\/wp-json\/wp\/v2\/types\/post"}],"author":[{"embeddable":true,"href":"https:\/\/www.associationdemarie.org\/blog\/wp-json\/wp\/v2\/users\/2"}],"replies":[{"embeddable":true,"href":"https:\/\/www.associationdemarie.org\/blog\/wp-json\/wp\/v2\/comments?post=9254"}],"version-history":[{"count":1,"href":"https:\/\/www.associationdemarie.org\/blog\/wp-json\/wp\/v2\/posts\/9254\/revisions"}],"predecessor-version":[{"id":9256,"href":"https:\/\/www.associationdemarie.org\/blog\/wp-json\/wp\/v2\/posts\/9254\/revisions\/9256"}],"wp:attachment":[{"href":"https:\/\/www.associationdemarie.org\/blog\/wp-json\/wp\/v2\/media?parent=9254"}],"wp:term":[{"taxonomy":"category","embeddable":true,"href":"https:\/\/www.associationdemarie.org\/blog\/wp-json\/wp\/v2\/categories?post=9254"},{"taxonomy":"post_tag","embeddable":true,"href":"https:\/\/www.associationdemarie.org\/blog\/wp-json\/wp\/v2\/tags?post=9254"}],"curies":[{"name":"wp","href":"https:\/\/api.w.org\/{rel}","templated":true}]}}