{"id":9251,"date":"2014-04-22T01:26:46","date_gmt":"2014-04-22T00:26:46","guid":{"rendered":"http:\/\/www.associationdemarie.org\/blog\/?p=9251"},"modified":"2014-04-01T05:32:06","modified_gmt":"2014-04-01T04:32:06","slug":"va-trouver-mes-freres","status":"publish","type":"post","link":"https:\/\/www.associationdemarie.org\/blog\/va-trouver-mes-freres\/","title":{"rendered":"\u00ab Va trouver mes fr\u00e8res ! \u00bb"},"content":{"rendered":"<p><a href=\"https:\/\/www.associationdemarie.org\/blog\/wp-content\/uploads\/2014\/04\/ChristMarieMadeleine.03.jpg\"><img loading=\"lazy\" decoding=\"async\" class=\"aligncenter size-medium wp-image-9252\" alt=\"ChristMarieMadeleine.03\" src=\"https:\/\/www.associationdemarie.org\/blog\/wp-content\/uploads\/2014\/04\/ChristMarieMadeleine.03-236x300.jpg\" width=\"236\" height=\"300\" srcset=\"https:\/\/www.associationdemarie.org\/blog\/wp-content\/uploads\/2014\/04\/ChristMarieMadeleine.03-236x300.jpg 236w, https:\/\/www.associationdemarie.org\/blog\/wp-content\/uploads\/2014\/04\/ChristMarieMadeleine.03.jpg 372w\" sizes=\"auto, (max-width: 236px) 100vw, 236px\" \/><\/a><\/p>\n<p>L\u2019obscurit\u00e9 r\u00e9gnait au-dehors, il ne faisait pas encore jour, mais ce caveau \u00e9tait plein de la lumi\u00e8re de la r\u00e9surrection. Marie a vu cette lumi\u00e8re par la gr\u00e2ce de Dieu : son amour pour le Christ a \u00e9t\u00e9 rendu plus vif, et elle a eu la force de voir des anges\u2026 Ils lui ont dit alors : \u00ab Femme, pourquoi pleures-tu ? C\u2019est le ciel que tu vois dans ce caveau ou plut\u00f4t un temple c\u00e9leste \u00e0 la place d\u2019un tombeau creus\u00e9 pour \u00eatre une prison\u2026 Pourquoi pleures-tu ? \u00bb\u2026<\/p>\n<p>Au-dehors, le jour est encore ind\u00e9cis, et le Seigneur ne fait pas para\u00eetre cet \u00e9clat divin qui l\u2019aurait fait reconna\u00eetre au c\u0153ur m\u00eame de la souffrance. Marie ne le reconna\u00eet donc pas\u2026 Quand il a parl\u00e9 et qu\u2019il s\u2019est fait reconna\u00eetre&#8230;, m\u00eame alors, tout en le voyant vivant, elle n\u2019a pas eu l\u2019id\u00e9e de sa grandeur divine mais s\u2019est adress\u00e9e \u00e0 lui comme \u00e0 un simple homme de Dieu\u2026 Dans l\u2019\u00e9lan de son c\u0153ur, elle veut alors se jeter \u00e0 ses genoux, et toucher ses pieds. Mais il lui dit : \u00ab Ne me touche pas\u2026, car le corps dont je suis maintenant rev\u00eatu est plus l\u00e9ger et plus mobile que le feu ; il peut monter au ciel et m\u00eame aupr\u00e8s de mon P\u00e8re, au plus haut des cieux. Je ne suis pas encore mont\u00e9 vers mon P\u00e8re, parce que je ne me suis pas encore montr\u00e9 \u00e0 mes disciples. Va les trouver ; ce sont mes fr\u00e8res, car nous sommes tous enfants d\u2019un seul P\u00e8re \u00bb (cf Ga 3,26)\u2026<\/p>\n<p>L\u2019\u00e9glise o\u00f9 nous sommes est le symbole de ce caveau. Elle en est m\u00eame mieux que le symbole : elle est pour ainsi dire un autre Saint S\u00e9pulcre. L\u00e0 se trouve l\u2019endroit o\u00f9 l\u2019on d\u00e9pose le corps du Ma\u00eetre\u2026; l\u00e0 se trouve la table sacr\u00e9e. Celui donc qui court de tout son c\u0153ur vers ce divin tombeau, v\u00e9ritable demeure de Dieu\u2026, y apprendra les paroles des livres inspir\u00e9s qui l\u2019instruiront \u00e0 la mani\u00e8re des anges sur la divinit\u00e9 et l\u2019humanit\u00e9 du Verbe, la Parole de Dieu incarn\u00e9. Et il verra ainsi, sans erreur possible, le Seigneur lui-m\u00eame\u2026 Car celui qui regarde avec foi la table mystique et le pain de vie d\u00e9pos\u00e9 sur elle, y voit dans sa r\u00e9alit\u00e9 le Verbe de Dieu qui s\u2019est fait chair pour nous et a \u00e9tabli sa demeure parmi nous (Jn 1,14). Et s\u2019il se montre digne de le recevoir, non seulement il le voit mais il participe \u00e0 son \u00eatre ; il le re\u00e7oit en lui pour qu\u2019il y demeure.<\/p>\n<p>Saint Gr\u00e9goire Palamas (1296-1359), moine, \u00e9v\u00eaque et th\u00e9ologien<br \/>\n<i>Hom\u00e9lie 20, sur les huit \u00e9vangiles du matin selon saint Jean ; PG 151, 265 (trad. Ann\u00e9e en f\u00eates, Migne 2000, p. 369 rev.)<\/i><\/p>\n<p>&nbsp;<\/p>\n<p>&nbsp;<\/p>\n<p>&nbsp;<\/p>\n","protected":false},"excerpt":{"rendered":"<p>L\u2019obscurit\u00e9 r\u00e9gnait au-dehors, il ne faisait pas encore jour, mais ce caveau \u00e9tait plein de la lumi\u00e8re de la r\u00e9surrection. Marie a vu cette lumi\u00e8re par la gr\u00e2ce de Dieu : son amour pour le Christ a \u00e9t\u00e9 rendu plus vif, et elle a eu la force de voir des anges\u2026 Ils lui ont dit [&hellip;]<\/p>\n","protected":false},"author":2,"featured_media":0,"comment_status":"closed","ping_status":"closed","sticky":false,"template":"","format":"standard","meta":{"footnotes":""},"categories":[3,1235,13,28],"tags":[1382,385,891,892,1035,1101,1179],"class_list":["post-9251","post","type-post","status-publish","format-standard","hentry","category-liturgique","category-careme-2014","category-ecritures","category-saints-et-saintes","tag-ecritures","tag-eucharistie","tag-ressuscite","tag-resurrection","tag-st-gregoire","tag-ste-marie-madeleine","tag-verbe"],"_links":{"self":[{"href":"https:\/\/www.associationdemarie.org\/blog\/wp-json\/wp\/v2\/posts\/9251","targetHints":{"allow":["GET"]}}],"collection":[{"href":"https:\/\/www.associationdemarie.org\/blog\/wp-json\/wp\/v2\/posts"}],"about":[{"href":"https:\/\/www.associationdemarie.org\/blog\/wp-json\/wp\/v2\/types\/post"}],"author":[{"embeddable":true,"href":"https:\/\/www.associationdemarie.org\/blog\/wp-json\/wp\/v2\/users\/2"}],"replies":[{"embeddable":true,"href":"https:\/\/www.associationdemarie.org\/blog\/wp-json\/wp\/v2\/comments?post=9251"}],"version-history":[{"count":1,"href":"https:\/\/www.associationdemarie.org\/blog\/wp-json\/wp\/v2\/posts\/9251\/revisions"}],"predecessor-version":[{"id":9253,"href":"https:\/\/www.associationdemarie.org\/blog\/wp-json\/wp\/v2\/posts\/9251\/revisions\/9253"}],"wp:attachment":[{"href":"https:\/\/www.associationdemarie.org\/blog\/wp-json\/wp\/v2\/media?parent=9251"}],"wp:term":[{"taxonomy":"category","embeddable":true,"href":"https:\/\/www.associationdemarie.org\/blog\/wp-json\/wp\/v2\/categories?post=9251"},{"taxonomy":"post_tag","embeddable":true,"href":"https:\/\/www.associationdemarie.org\/blog\/wp-json\/wp\/v2\/tags?post=9251"}],"curies":[{"name":"wp","href":"https:\/\/api.w.org\/{rel}","templated":true}]}}