{"id":9248,"date":"2014-04-21T01:32:08","date_gmt":"2014-04-21T00:32:08","guid":{"rendered":"http:\/\/www.associationdemarie.org\/blog\/?p=9248"},"modified":"2014-03-31T05:38:57","modified_gmt":"2014-03-31T04:38:57","slug":"jesus-vint-a-leur-rencontre-et-leur-dit-rejouissez-vous","status":"publish","type":"post","link":"https:\/\/www.associationdemarie.org\/blog\/jesus-vint-a-leur-rencontre-et-leur-dit-rejouissez-vous\/","title":{"rendered":"J\u00e9sus vint \u00e0 leur rencontre et leur dit : \u00ab R\u00e9jouissez-vous ! \u00bb"},"content":{"rendered":"<p><a href=\"https:\/\/www.associationdemarie.org\/blog\/wp-content\/uploads\/2014\/03\/8_cnwz4.jpg\"><img loading=\"lazy\" decoding=\"async\" class=\"aligncenter size-medium wp-image-9249\" alt=\"8_cnwz4\" src=\"https:\/\/www.associationdemarie.org\/blog\/wp-content\/uploads\/2014\/03\/8_cnwz4-300x179.jpg\" width=\"300\" height=\"179\" srcset=\"https:\/\/www.associationdemarie.org\/blog\/wp-content\/uploads\/2014\/03\/8_cnwz4-300x179.jpg 300w, https:\/\/www.associationdemarie.org\/blog\/wp-content\/uploads\/2014\/03\/8_cnwz4.jpg 900w\" sizes=\"auto, (max-width: 300px) 100vw, 300px\" \/><\/a><\/p>\n<p>\u00ab B\u00e9ni soit celui qui vient, le Roi, au nom du Seigneur. Paix dans le ciel et gloire au plus haut des cieux \u00bb (Lc 19,38)\u2026 C\u2019est un climat de joie que l\u2019on respire. J\u00e9sus a r\u00e9veill\u00e9 dans le c\u0153ur tant d\u2019esp\u00e9rances surtout chez les gens humbles, simples, pauvres, oubli\u00e9s, ceux qui ne comptent pas aux yeux du monde. Lui a su comprendre les mis\u00e8res humaines, il a montr\u00e9 le visage de mis\u00e9ricorde de Dieu, il s\u2019est baiss\u00e9 pour gu\u00e9rir le corps et l\u2019\u00e2me. \u00c7a, c\u2019est J\u00e9sus. \u00c7a, c\u2019est son c\u0153ur qui nous regarde tous, qui regarde nos maladies, nos p\u00e9ch\u00e9s. L\u2019amour de J\u00e9sus est grand. J\u00e9sus est Dieu, mais il s\u2019est abaiss\u00e9 pour marcher avec nous ; il est notre ami, notre fr\u00e8re\u2026<\/p>\n<p>Et c\u2019est la premi\u00e8re parole que je voudrais vous dire : joie ! Ne soyez jamais des hommes et des femmes tristes : un chr\u00e9tien ne peut jamais l\u2019\u00eatre ! Ne vous laissez jamais prendre par le d\u00e9couragement ! Notre joie n\u2019est pas une joie qui na\u00eet du fait de poss\u00e9der de nombreuses choses, mais elle na\u00eet du fait d\u2019avoir rencontr\u00e9 une personne : J\u00e9sus, qui est parmi nous. Elle na\u00eet du fait de savoir qu\u2019avec lui nous ne sommes jamais seuls, m\u00eame dans les moments difficiles, m\u00eame quand le chemin de la vie se heurte \u00e0 des probl\u00e8mes et \u00e0 des obstacles qui semblent insurmontables, et il y en a tant ! Et \u00e0 ce moment-l\u00e0 vient l\u2019ennemi, vient le diable, si souvent d\u00e9guis\u00e9 en ange (2Co 11,14), et insidieusement nous dit sa parole. Ne l\u2019\u00e9coutez pas ! Suivons J\u00e9sus ! Nous accompagnons, nous suivons J\u00e9sus, mais surtout nous savons que lui nous accompagne et nous met sur ses \u00e9paules (Lc 15,5). Ici se trouve notre joie, l\u2019esp\u00e9rance que nous devons porter vers notre monde. S\u2019il vous pla\u00eet !, ne vous laissez pas voler l\u2019esp\u00e9rance ! Ne vous laissez pas voler l\u2019esp\u00e9rance ! Celle que J\u00e9sus nous donne.<\/p>\n<p>Pape Fran\u00e7ois<br \/>\n<i>Hom\u00e9lie du 24\/03\/2013 (trad. \u00a9 copyright Libreria Editrice Vaticana)<\/i><\/p>\n<p>&nbsp;<\/p>\n<p>&nbsp;<\/p>\n<p>&nbsp;<\/p>\n<p>&nbsp;<\/p>\n","protected":false},"excerpt":{"rendered":"<p>\u00ab B\u00e9ni soit celui qui vient, le Roi, au nom du Seigneur. Paix dans le ciel et gloire au plus haut des cieux \u00bb (Lc 19,38)\u2026 C\u2019est un climat de joie que l\u2019on respire. J\u00e9sus a r\u00e9veill\u00e9 dans le c\u0153ur tant d\u2019esp\u00e9rances surtout chez les gens humbles, simples, pauvres, oubli\u00e9s, ceux qui ne comptent pas [&hellip;]<\/p>\n","protected":false},"author":2,"featured_media":0,"comment_status":"closed","ping_status":"closed","sticky":false,"template":"","format":"standard","meta":{"footnotes":""},"categories":[3,1235,13],"tags":[375,544,601,761,763,892],"class_list":["post-9248","post","type-post","status-publish","format-standard","hentry","category-liturgique","category-careme-2014","category-ecritures","tag-esperance","tag-joie","tag-lundi-de-paques","tag-pape-francois","tag-paques","tag-resurrection"],"_links":{"self":[{"href":"https:\/\/www.associationdemarie.org\/blog\/wp-json\/wp\/v2\/posts\/9248","targetHints":{"allow":["GET"]}}],"collection":[{"href":"https:\/\/www.associationdemarie.org\/blog\/wp-json\/wp\/v2\/posts"}],"about":[{"href":"https:\/\/www.associationdemarie.org\/blog\/wp-json\/wp\/v2\/types\/post"}],"author":[{"embeddable":true,"href":"https:\/\/www.associationdemarie.org\/blog\/wp-json\/wp\/v2\/users\/2"}],"replies":[{"embeddable":true,"href":"https:\/\/www.associationdemarie.org\/blog\/wp-json\/wp\/v2\/comments?post=9248"}],"version-history":[{"count":1,"href":"https:\/\/www.associationdemarie.org\/blog\/wp-json\/wp\/v2\/posts\/9248\/revisions"}],"predecessor-version":[{"id":9250,"href":"https:\/\/www.associationdemarie.org\/blog\/wp-json\/wp\/v2\/posts\/9248\/revisions\/9250"}],"wp:attachment":[{"href":"https:\/\/www.associationdemarie.org\/blog\/wp-json\/wp\/v2\/media?parent=9248"}],"wp:term":[{"taxonomy":"category","embeddable":true,"href":"https:\/\/www.associationdemarie.org\/blog\/wp-json\/wp\/v2\/categories?post=9248"},{"taxonomy":"post_tag","embeddable":true,"href":"https:\/\/www.associationdemarie.org\/blog\/wp-json\/wp\/v2\/tags?post=9248"}],"curies":[{"name":"wp","href":"https:\/\/api.w.org\/{rel}","templated":true}]}}