{"id":9245,"date":"2017-04-16T01:29:30","date_gmt":"2017-04-16T00:29:30","guid":{"rendered":"http:\/\/www.associationdemarie.org\/blog\/?p=9245"},"modified":"2017-04-16T10:29:08","modified_gmt":"2017-04-16T09:29:08","slug":"voici-que-je-fais-toutes-choses-nouvelles-ap-215","status":"publish","type":"post","link":"https:\/\/www.associationdemarie.org\/blog\/voici-que-je-fais-toutes-choses-nouvelles-ap-215\/","title":{"rendered":"\u00ab Voici que je fais toutes choses nouvelles. \u00bb (Ap 21,5)"},"content":{"rendered":"<p><a href=\"https:\/\/www.associationdemarie.org\/blog\/wp-content\/uploads\/2017\/04\/citationMMDHavril2017.png\"><img loading=\"lazy\" decoding=\"async\" class=\"aligncenter  wp-image-14717\" src=\"https:\/\/www.associationdemarie.org\/blog\/wp-content\/uploads\/2017\/04\/citationMMDHavril2017.png\" alt=\"citationMMDHavril2017\" width=\"415\" height=\"589\" srcset=\"https:\/\/www.associationdemarie.org\/blog\/wp-content\/uploads\/2017\/04\/citationMMDHavril2017.png 887w, https:\/\/www.associationdemarie.org\/blog\/wp-content\/uploads\/2017\/04\/citationMMDHavril2017-211x300.png 211w, https:\/\/www.associationdemarie.org\/blog\/wp-content\/uploads\/2017\/04\/citationMMDHavril2017-721x1024.png 721w\" sizes=\"auto, (max-width: 415px) 100vw, 415px\" \/><\/a><\/p>\n<p>&nbsp;<\/p>\n<p>Ce jour est le premier d\u2019une autre cr\u00e9ation. En ce jour Dieu cr\u00e9e \u00ab un ciel nouveau et une terre nouvelle \u00bb (Is 65,17; Ap 21,1)\u2026 En ce jour est cr\u00e9\u00e9 l\u2019homme v\u00e9ritable, celui qui est \u00ab \u00e0 l\u2019image et \u00e0 la ressemblance de Dieu \u00bb (Gn 1,26). Vois quel monde est inaugur\u00e9 en ce jour, ce \u00ab jour que le Seigneur a fait \u00bb (Ps 117,24)\u2026 Ce jour a aboli la douleur de la mort et a mis au monde \u00ab le premier-n\u00e9 d\u2019entre les morts \u00bb (Col 1,18). En ce jour\u2026la prison de la mort a \u00e9t\u00e9 d\u00e9truite, les aveugles recouvrent la vue, \u00ab l\u2019astre d\u2019en haut se l\u00e8ve et vient secourir ceux qui sont assis dans les t\u00e9n\u00e8bres et \u00e0 l\u2019ombre de la mort \u00bb (Lc 1,78s)\u2026<\/p>\n<p>H\u00e2tons-nous, nous aussi, vers la contemplation de ce spectacle extraordinaire\u2026, pour ne pas \u00eatre devanc\u00e9s par les femmes. Ayons dans les mains les aromates que sont la foi et la conscience, car c\u2019est l\u00e0 \u00ab la bonne odeur du Christ \u00bb (Lc 24,1; 2Co 2,15). Ne cherchons plus \u00ab le Vivant chez les morts \u00bb (Lc 24,5), car le Seigneur repousse celui qui le cherche ainsi, en disant : \u00ab Cesse de me toucher \u00bb (Jn 20,17)\u2026 Ne te repr\u00e9sente plus dans ta foi sa condition corporelle de servitude, mais adore celui qui est dans la gloire du P\u00e8re, dans \u00ab la condition de Dieu \u00bb\u2026; oublie \u00ab la condition de l\u2019esclave \u00bb (Ph 2,6-7).<\/p>\n<p>\u00c9coutons la bonne nouvelle apport\u00e9e par Marie Madeleine, plus rapide que l\u2019homme gr\u00e2ce \u00e0 sa foi\u2026 Quelle bonne nouvelle apporte-t-elle ? Celle qui ne vient \u00ab ni de la part des hommes, ni par l\u2019interm\u00e9diaire d\u2019un homme, mais par J\u00e9sus Christ \u00bb (Ga 1,1). \u00ab \u00c9coute, dit-elle, ce que le Seigneur nous a ordonn\u00e9 de vous dire, \u00e0 vous qu\u2019il appelle ses fr\u00e8res : \u2018 Je monte vers mon P\u00e8re et votre P\u00e8re, vers mon Dieu et votre Dieu \u2019 \u00bb (Jn 20,17). Quelle belle et bonne nouvelle ! Celui qui, \u00e0 cause de nous est devenu comme nous, afin de faire de nous ses fr\u00e8res\u2026, entra\u00eene tout le genre humain avec lui vers le P\u00e8re v\u00e9ritable\u2026 Celui qui, pour ses nombreux fr\u00e8res (Rm 8,29), s\u2019est fait par sa chair Premier-n\u00e9 de la bonne cr\u00e9ation a attir\u00e9 avec lui la nature tout enti\u00e8re.<\/p>\n<p>Saint Gr\u00e9goire de Nysse (v. 335-395), moine et \u00e9v\u00eaque<br \/>\n<i>2\u00e8me hom\u00e9lie pour P\u00e2ques (trad. coll. P\u00e8res dans la foi, n\u00b0 55, p. 51.69 rev.)<\/i><\/p>\n<p>&nbsp;<\/p>\n<p>&nbsp;<\/p>\n<p>&nbsp;<\/p>\n<p><a href=\"https:\/\/www.associationdemarie.org\/blog\/wp-content\/uploads\/2014\/03\/resurrection-5.jpg\"><img loading=\"lazy\" decoding=\"async\" class=\"aligncenter  wp-image-9246\" src=\"https:\/\/www.associationdemarie.org\/blog\/wp-content\/uploads\/2014\/03\/resurrection-5.jpg\" alt=\"resurrection-5\" width=\"503\" height=\"347\" srcset=\"https:\/\/www.associationdemarie.org\/blog\/wp-content\/uploads\/2014\/03\/resurrection-5.jpg 580w, https:\/\/www.associationdemarie.org\/blog\/wp-content\/uploads\/2014\/03\/resurrection-5-300x206.jpg 300w\" sizes=\"auto, (max-width: 503px) 100vw, 503px\" \/><\/a><\/p>\n<p>&nbsp;<\/p>\n<p>&nbsp;<\/p>\n<p>&nbsp;<\/p>\n","protected":false},"excerpt":{"rendered":"<p>&nbsp; Ce jour est le premier d\u2019une autre cr\u00e9ation. En ce jour Dieu cr\u00e9e \u00ab un ciel nouveau et une terre nouvelle \u00bb (Is 65,17; Ap 21,1)\u2026 En ce jour est cr\u00e9\u00e9 l\u2019homme v\u00e9ritable, celui qui est \u00ab \u00e0 l\u2019image et \u00e0 la ressemblance de Dieu \u00bb (Gn 1,26). Vois quel monde est inaugur\u00e9 en [&hellip;]<\/p>\n","protected":false},"author":2,"featured_media":0,"comment_status":"closed","ping_status":"closed","sticky":false,"template":"","format":"standard","meta":{"footnotes":""},"categories":[3,1235,1452,13,28],"tags":[1382,536,640,695,763,892,1035,1101,1184],"class_list":["post-9245","post","type-post","status-publish","format-standard","hentry","category-liturgique","category-careme-2014","category-careme-2017","category-ecritures","category-saints-et-saintes","tag-ecritures","tag-jesus-christ","tag-marie-mere-des-hommes","tag-mort","tag-paques","tag-resurrection","tag-st-gregoire","tag-ste-marie-madeleine","tag-vie"],"_links":{"self":[{"href":"https:\/\/www.associationdemarie.org\/blog\/wp-json\/wp\/v2\/posts\/9245","targetHints":{"allow":["GET"]}}],"collection":[{"href":"https:\/\/www.associationdemarie.org\/blog\/wp-json\/wp\/v2\/posts"}],"about":[{"href":"https:\/\/www.associationdemarie.org\/blog\/wp-json\/wp\/v2\/types\/post"}],"author":[{"embeddable":true,"href":"https:\/\/www.associationdemarie.org\/blog\/wp-json\/wp\/v2\/users\/2"}],"replies":[{"embeddable":true,"href":"https:\/\/www.associationdemarie.org\/blog\/wp-json\/wp\/v2\/comments?post=9245"}],"version-history":[{"count":4,"href":"https:\/\/www.associationdemarie.org\/blog\/wp-json\/wp\/v2\/posts\/9245\/revisions"}],"predecessor-version":[{"id":14719,"href":"https:\/\/www.associationdemarie.org\/blog\/wp-json\/wp\/v2\/posts\/9245\/revisions\/14719"}],"wp:attachment":[{"href":"https:\/\/www.associationdemarie.org\/blog\/wp-json\/wp\/v2\/media?parent=9245"}],"wp:term":[{"taxonomy":"category","embeddable":true,"href":"https:\/\/www.associationdemarie.org\/blog\/wp-json\/wp\/v2\/categories?post=9245"},{"taxonomy":"post_tag","embeddable":true,"href":"https:\/\/www.associationdemarie.org\/blog\/wp-json\/wp\/v2\/tags?post=9245"}],"curies":[{"name":"wp","href":"https:\/\/api.w.org\/{rel}","templated":true}]}}