{"id":9237,"date":"2014-04-18T01:04:30","date_gmt":"2014-04-18T00:04:30","guid":{"rendered":"http:\/\/www.associationdemarie.org\/blog\/?p=9237"},"modified":"2014-03-28T06:10:43","modified_gmt":"2014-03-28T05:10:43","slug":"lorsquils-furent-arrives-au-lieu-appele-crane-ou-calvaire-ils-ont-mis-jesus-en-croix-avec-les-malfaiteurs-lun-a-droite-et-lautre-a-gauche-lc-2333","status":"publish","type":"post","link":"https:\/\/www.associationdemarie.org\/blog\/lorsquils-furent-arrives-au-lieu-appele-crane-ou-calvaire-ils-ont-mis-jesus-en-croix-avec-les-malfaiteurs-lun-a-droite-et-lautre-a-gauche-lc-2333\/","title":{"rendered":"\u00ab Lorsqu&rsquo;ils furent arriv\u00e9s au lieu appel\u00e9 Cr\u00e2ne, ou Calvaire, ils ont mis J\u00e9sus en croix, avec les malfaiteurs, l&rsquo;un \u00e0 droite et l&rsquo;autre \u00e0 gauche. \u00bb (Lc 23,33)"},"content":{"rendered":"<p><a href=\"https:\/\/www.associationdemarie.org\/blog\/wp-content\/uploads\/2014\/03\/vendredi-saint_trois-croix.jpg\"><img loading=\"lazy\" decoding=\"async\" class=\"aligncenter size-full wp-image-9238\" alt=\"vendredi-saint_trois croix\" src=\"https:\/\/www.associationdemarie.org\/blog\/wp-content\/uploads\/2014\/03\/vendredi-saint_trois-croix.jpg\" width=\"400\" height=\"267\" srcset=\"https:\/\/www.associationdemarie.org\/blog\/wp-content\/uploads\/2014\/03\/vendredi-saint_trois-croix.jpg 400w, https:\/\/www.associationdemarie.org\/blog\/wp-content\/uploads\/2014\/03\/vendredi-saint_trois-croix-300x200.jpg 300w\" sizes=\"auto, (max-width: 400px) 100vw, 400px\" \/><\/a><\/p>\n<p>En \u00e9change de l\u2019arbre qui a donn\u00e9 la mort,<br \/>\nPouss\u00e9 au milieu du Paradis (Gn 3,3),<br \/>\nTu as port\u00e9 sur tes \u00e9paules le bois de la croix,<br \/>\nTu l\u2019as mont\u00e9 sur le lieu appel\u00e9 Golgotha.<\/p>\n<p>Soulage mon \u00e2me, tomb\u00e9e dans le p\u00e9ch\u00e9<br \/>\nEt portant un fardeau si lourd ;<br \/>\nSoulage-la gr\u00e2ce au \u00ab joug doux \u00bb<br \/>\nEt au \u00ab fardeau l\u00e9ger \u00bb de la croix (Mt 11,30).<\/p>\n<p>Le vendredi, \u00e0 trois heures,<br \/>\nAu jour o\u00f9 le premier homme a \u00e9t\u00e9 s\u00e9duit,<br \/>\nTu as \u00e9t\u00e9 clou\u00e9, Seigneur, sur le bois<br \/>\nEn m\u00eame temps que le larron criminel.<\/p>\n<p>Tes mains qui avaient cr\u00e9\u00e9 la terre,<br \/>\nTu les as \u00e9tendues sur la croix,<br \/>\nEn \u00e9change des mains d\u2019Adam et d\u2019\u00c8ve qui s\u2019\u00e9taient tendues<br \/>\nVers l\u2019arbre o\u00f9 elles avaient cueilli la mort.<\/p>\n<p>Moi qui ai p\u00e9ch\u00e9 comme eux,<br \/>\nEt m\u00eame les ai surpass\u00e9s\u2026<br \/>\nPardonne-moi mon d\u00e9lit<br \/>\nComme \u00e0 eux dans la r\u00e9gion d\u2019o\u00f9 l\u2019espoir est banni.<\/p>\n<p>Tu es mont\u00e9 sur la sainte croix,<br \/>\nTu as \u00f4t\u00e9 la transgression des hommes ;<br \/>\nEt l\u2019ennemi de notre nature,<br \/>\nTu l\u2019y as clou\u00e9.<\/p>\n<p>Fortifie-moi sous la protection<br \/>\nDe ce saint signe, toujours vainqueur,<br \/>\nEt lorsqu\u2019il se l\u00e8vera \u00e0 l\u2019Orient (Mt 24,30),<br \/>\nIllumine-moi de sa lumi\u00e8re.<\/p>\n<p>Au larron qui \u00e9tait \u00e0 ta droite<br \/>\nTu as ouvert la porte du Paradis ;<br \/>\nSouviens-toi de moi aussi lorsque tu reviendras<br \/>\nAvec la Royaut\u00e9 de ton P\u00e8re (Lc 23,42).<\/p>\n<p>Que moi aussi j\u2019entende prononcer<br \/>\nLa r\u00e9ponse qui fait exulter :<br \/>\n\u00ab Aujourd\u2019hui, tu seras avec moi dans l\u2019\u00c9den,<br \/>\nDans ta patrie premi\u00e8re ! \u00bb<\/p>\n<p>Saint Ners\u00e8s Snorhali (1102-1173), patriarche arm\u00e9nien<br \/>\n<i>J\u00e9sus, Fils unique du P\u00e8re , \u00a7 727-736 ; SC 203 (trad. SC p. 181 rev.)<\/i><\/p>\n<p>&nbsp;<\/p>\n<p>&nbsp;<\/p>\n<p>&nbsp;<\/p>\n<p>&nbsp;<\/p>\n","protected":false},"excerpt":{"rendered":"<p>En \u00e9change de l\u2019arbre qui a donn\u00e9 la mort, Pouss\u00e9 au milieu du Paradis (Gn 3,3), Tu as port\u00e9 sur tes \u00e9paules le bois de la croix, Tu l\u2019as mont\u00e9 sur le lieu appel\u00e9 Golgotha. Soulage mon \u00e2me, tomb\u00e9e dans le p\u00e9ch\u00e9 Et portant un fardeau si lourd ; Soulage-la gr\u00e2ce au \u00ab joug doux [&hellip;]<\/p>\n","protected":false},"author":2,"featured_media":0,"comment_status":"closed","ping_status":"closed","sticky":false,"template":"","format":"standard","meta":{"footnotes":""},"categories":[3,1235,26,28],"tags":[41,184,234,536,777,934,1177],"class_list":["post-9237","post","type-post","status-publish","format-standard","hentry","category-liturgique","category-careme-2014","category-priere-des-ames","category-saints-et-saintes","tag-adam-et-eve","tag-careme","tag-clous","tag-jesus-christ","tag-passion","tag-sainte-croix","tag-vendredi-saint"],"_links":{"self":[{"href":"https:\/\/www.associationdemarie.org\/blog\/wp-json\/wp\/v2\/posts\/9237","targetHints":{"allow":["GET"]}}],"collection":[{"href":"https:\/\/www.associationdemarie.org\/blog\/wp-json\/wp\/v2\/posts"}],"about":[{"href":"https:\/\/www.associationdemarie.org\/blog\/wp-json\/wp\/v2\/types\/post"}],"author":[{"embeddable":true,"href":"https:\/\/www.associationdemarie.org\/blog\/wp-json\/wp\/v2\/users\/2"}],"replies":[{"embeddable":true,"href":"https:\/\/www.associationdemarie.org\/blog\/wp-json\/wp\/v2\/comments?post=9237"}],"version-history":[{"count":1,"href":"https:\/\/www.associationdemarie.org\/blog\/wp-json\/wp\/v2\/posts\/9237\/revisions"}],"predecessor-version":[{"id":9239,"href":"https:\/\/www.associationdemarie.org\/blog\/wp-json\/wp\/v2\/posts\/9237\/revisions\/9239"}],"wp:attachment":[{"href":"https:\/\/www.associationdemarie.org\/blog\/wp-json\/wp\/v2\/media?parent=9237"}],"wp:term":[{"taxonomy":"category","embeddable":true,"href":"https:\/\/www.associationdemarie.org\/blog\/wp-json\/wp\/v2\/categories?post=9237"},{"taxonomy":"post_tag","embeddable":true,"href":"https:\/\/www.associationdemarie.org\/blog\/wp-json\/wp\/v2\/tags?post=9237"}],"curies":[{"name":"wp","href":"https:\/\/api.w.org\/{rel}","templated":true}]}}