{"id":9231,"date":"2014-04-17T01:13:19","date_gmt":"2014-04-17T00:13:19","guid":{"rendered":"http:\/\/www.associationdemarie.org\/blog\/?p=9231"},"modified":"2014-03-27T06:17:15","modified_gmt":"2014-03-27T05:17:15","slug":"jeudi-saint-messe-du-soir-du-jeudi-saint-en-memoire-de-la-cene-du-seigneur","status":"publish","type":"post","link":"https:\/\/www.associationdemarie.org\/blog\/jeudi-saint-messe-du-soir-du-jeudi-saint-en-memoire-de-la-cene-du-seigneur\/","title":{"rendered":"Jeudi saint : Messe du soir du Jeudi-saint en m\u00e9moire de la C\u00e8ne du Seigneur"},"content":{"rendered":"<p><a href=\"https:\/\/www.associationdemarie.org\/blog\/wp-content\/uploads\/2014\/03\/Leonardo_da_Vinci_Last_Supper_-copy-.jpg\"><img loading=\"lazy\" decoding=\"async\" class=\"aligncenter size-medium wp-image-9232\" alt=\"Leonardo_da_Vinci_Last_Supper_-copy-\" src=\"https:\/\/www.associationdemarie.org\/blog\/wp-content\/uploads\/2014\/03\/Leonardo_da_Vinci_Last_Supper_-copy--300x163.jpg\" width=\"300\" height=\"163\" srcset=\"https:\/\/www.associationdemarie.org\/blog\/wp-content\/uploads\/2014\/03\/Leonardo_da_Vinci_Last_Supper_-copy--300x163.jpg 300w, https:\/\/www.associationdemarie.org\/blog\/wp-content\/uploads\/2014\/03\/Leonardo_da_Vinci_Last_Supper_-copy--1024x557.jpg 1024w, https:\/\/www.associationdemarie.org\/blog\/wp-content\/uploads\/2014\/03\/Leonardo_da_Vinci_Last_Supper_-copy-.jpg 1104w\" sizes=\"auto, (max-width: 300px) 100vw, 300px\" \/><\/a><\/p>\n<p>Chers fr\u00e8res et s\u0153urs,<\/p>\n<p><span style=\"line-height: 1.5em;\">Les trois jours du \u00a0<\/span><em style=\"line-height: 1.5em;\">Triduum pascal<\/em><strong style=\"line-height: 1.5em;\">\u00a0<\/strong><span style=\"line-height: 1.5em;\">\u00a0sont couramment appel\u00e9s \u00ab\u00a0<\/span><em style=\"line-height: 1.5em;\">saints\u00a0<\/em><span style=\"line-height: 1.5em;\">\u00bb car ils nous font revivre l&rsquo;\u00e9v\u00e9nement central de notre R\u00e9demption; ils nous renvoient en effet au noyau essentiel de la foi chr\u00e9tienne: la passion, la mort et la r\u00e9surrection de J\u00e9sus Christ. Ce sont des jours que nous pourrions consid\u00e9rer comme un jour unique: ils constituent le c\u0153ur et le point fondamental de toute l&rsquo;ann\u00e9e liturgique comme de la vie de l&rsquo;\u00c9glise. Au terme de l&rsquo;itin\u00e9raire quadrag\u00e9simal, nous nous appr\u00eatons nous aussi \u00e0 entrer dans le climat m\u00eame dans lequel J\u00e9sus a v\u00e9cu \u00e0 J\u00e9rusalem. Nous voulons r\u00e9veiller en nous la m\u00e9moire vivante des souffrances que le Seigneur a endur\u00e9es pour nous et nous pr\u00e9parer \u00e0 c\u00e9l\u00e9brer avec joie, dimanche prochain \u00ab\u00a0<\/span><em style=\"line-height: 1.5em;\">la vraie P\u00e2que, que le Sang du Christ a couverte de gloire, la P\u00e2que lors de laquelle l&rsquo;\u00c9glise c\u00e9l\u00e8bre la F\u00eate qui est \u00e0 l&rsquo;origine de toutes les f\u00eates\u00a0<\/em><span style=\"line-height: 1.5em;\">\u00bb, comme dit la pr\u00e9face pour le jour de P\u00e2ques dans le rite de saint Ambroise.<\/span><\/p>\n<p>Chers fr\u00e8res et s\u0153urs, en ces jours uniques, orientons r\u00e9solument notre vie vers une adh\u00e9sion g\u00e9n\u00e9reuse et convaincue aux desseins du P\u00e8re c\u00e9leste; renouvelons notre \u201c<em>oui<\/em>\u201d \u00e0 la volont\u00e9 divine comme l&rsquo;a fait J\u00e9sus avec le sacrifice de la croix. Les rites suggestifs du Jeudi Saint, du Vendredi Saint, le silence riche de pri\u00e8re du Samedi Saint et la Veill\u00e9e pascale solennelle nous offrent l&rsquo;opportunit\u00e9 d&rsquo;approfondir le sens et la valeur de notre vocation chr\u00e9tienne qui na\u00eet du Myst\u00e8re pascal et de la concr\u00e9tiser en nous mettant fid\u00e8lement \u00e0 la suite du Christ en toute circonstance, comme Il l&rsquo;a fait, jusqu&rsquo;au don g\u00e9n\u00e9reux de notre vie.<\/p>\n<p><strong>Jeudi Saint<\/strong>\u00a0: l&rsquo;\u00c9glise fait m\u00e9moire de la\u00a0<em>Derni\u00e8re C\u00e8ne<\/em>\u00a0au cours de laquelle le Seigneur, la veille de sa passion et de sa mort, a institu\u00e9 le sacrement de l&rsquo;Eucharistie et celui du sacerdoce minist\u00e9riel. Lors de cette m\u00eame nuit, J\u00e9sus nous a laiss\u00e9 le commandement nouveau, \u201c<em>mandatum novum<\/em>\u201d, le commandement de l&rsquo;amour fraternel. Avant d&rsquo;entrer dans le\u00a0<em>Saint Triduum<\/em>, mais d\u00e9j\u00e0 en lien \u00e9troit avec lui, dans chaque communaut\u00e9 dioc\u00e9saine aura lieu la messe chrismale, au cours de laquelle l&rsquo;\u00e9v\u00eaque et les pr\u00eatres du presbyterium dioc\u00e9sain renouvellent les promesses de l&rsquo;ordination. Sont \u00e9galement b\u00e9nies les huiles pour la c\u00e9l\u00e9bration des sacrements: l&rsquo;huile des cat\u00e9chum\u00e8nes, l&rsquo;huile des malades et le saint chr\u00eame. C&rsquo;est un moment particuli\u00e8rement important pour la vie de chaque communaut\u00e9 dioc\u00e9saine qui, rassembl\u00e9e autour de son pasteur, ressoude son unit\u00e9 et sa fid\u00e9lit\u00e9 au Christ, unique Grand Pr\u00eatre Eternel.<\/p>\n<p>Le soir, au cours de la messe\u00a0<em>in<\/em>\u00a0<em>Cena Domini<\/em>, on fait m\u00e9moire de la Derni\u00e8re C\u00e8ne, quand le Christ s&rsquo;est donn\u00e9 \u00e0 nous tous comme nourriture de salut, comme rem\u00e8de d&rsquo;immortalit\u00e9: c&rsquo;est le myst\u00e8re de l&rsquo;Eucharistie, source et sommet de la vie chr\u00e9tienne. Dans ce sacrement de salut, le Seigneur a offert et r\u00e9alis\u00e9 pour tous ceux qui croient en Lui, l&rsquo;union la plus profonde possible entre notre vie et la sienne.<\/p>\n<p>Avec le geste humble et combien expressif du lavement des pieds, nous sommes invit\u00e9s \u00e0 rappeler ce que le Seigneur fit \u00e0 ses ap\u00f4tres: en leur lavant les pieds il proclama concr\u00e8tement la primaut\u00e9 de l&rsquo;amour, l&rsquo;amour qui se fait service jusqu&rsquo;au don de soi, anticipant ainsi \u00e9galement le sacrifice supr\u00eame de sa vie qui se consumera le lendemain sur le Calvaire. Selon une belle tradition, les fid\u00e8les terminent le\u00a0Jeudi Saint\u00a0par une veill\u00e9e de pri\u00e8re et d&rsquo;adoration eucharistique pour vivre plus profond\u00e9ment l&rsquo;agonie de J\u00e9sus \u00e0 Geths\u00e9mani. [&#8230;]<\/p>\n<p align=\"center\">Pour lire la Cat\u00e9ch\u00e8se compl\u00e8te de Beno\u00eet 16 :<\/p>\n<p align=\"center\"><a href=\"http:\/\/www.vatican.va\/holy_father\/benedict_xvi\/audiences\/2008\/documents\/hf_ben-xvi_aud_20080319_fr.html\">&gt;&gt;&gt;\u00a0Le Triduum pascal<\/a><\/p>\n<p>Source principale : vatican.va (\u00ab R\u00e9v. x gpm \u00bb).<\/p>\n<p>&nbsp;<\/p>\n<p>&nbsp;<\/p>\n<p>&nbsp;<\/p>\n","protected":false},"excerpt":{"rendered":"<p>Chers fr\u00e8res et s\u0153urs, Les trois jours du \u00a0Triduum pascal\u00a0\u00a0sont couramment appel\u00e9s \u00ab\u00a0saints\u00a0\u00bb car ils nous font revivre l&rsquo;\u00e9v\u00e9nement central de notre R\u00e9demption; ils nous renvoient en effet au noyau essentiel de la foi chr\u00e9tienne: la passion, la mort et la r\u00e9surrection de J\u00e9sus Christ. Ce sont des jours que nous pourrions consid\u00e9rer comme un [&hellip;]<\/p>\n","protected":false},"author":2,"featured_media":0,"comment_status":"closed","ping_status":"closed","sticky":false,"template":"","format":"standard","meta":{"footnotes":""},"categories":[3,1235,13],"tags":[142,191,336,487,536,539,972,976],"class_list":["post-9231","post","type-post","status-publish","format-standard","hentry","category-liturgique","category-careme-2014","category-ecritures","tag-benoit-16","tag-cene","tag-eglise","tag-humilite","tag-jesus-christ","tag-jeudi-saint","tag-semaine-sainte","tag-service"],"_links":{"self":[{"href":"https:\/\/www.associationdemarie.org\/blog\/wp-json\/wp\/v2\/posts\/9231","targetHints":{"allow":["GET"]}}],"collection":[{"href":"https:\/\/www.associationdemarie.org\/blog\/wp-json\/wp\/v2\/posts"}],"about":[{"href":"https:\/\/www.associationdemarie.org\/blog\/wp-json\/wp\/v2\/types\/post"}],"author":[{"embeddable":true,"href":"https:\/\/www.associationdemarie.org\/blog\/wp-json\/wp\/v2\/users\/2"}],"replies":[{"embeddable":true,"href":"https:\/\/www.associationdemarie.org\/blog\/wp-json\/wp\/v2\/comments?post=9231"}],"version-history":[{"count":1,"href":"https:\/\/www.associationdemarie.org\/blog\/wp-json\/wp\/v2\/posts\/9231\/revisions"}],"predecessor-version":[{"id":9233,"href":"https:\/\/www.associationdemarie.org\/blog\/wp-json\/wp\/v2\/posts\/9231\/revisions\/9233"}],"wp:attachment":[{"href":"https:\/\/www.associationdemarie.org\/blog\/wp-json\/wp\/v2\/media?parent=9231"}],"wp:term":[{"taxonomy":"category","embeddable":true,"href":"https:\/\/www.associationdemarie.org\/blog\/wp-json\/wp\/v2\/categories?post=9231"},{"taxonomy":"post_tag","embeddable":true,"href":"https:\/\/www.associationdemarie.org\/blog\/wp-json\/wp\/v2\/tags?post=9231"}],"curies":[{"name":"wp","href":"https:\/\/api.w.org\/{rel}","templated":true}]}}