{"id":9190,"date":"2014-04-11T01:29:53","date_gmt":"2014-04-11T00:29:53","guid":{"rendered":"http:\/\/www.associationdemarie.org\/blog\/?p=9190"},"modified":"2014-03-21T06:36:09","modified_gmt":"2014-03-21T05:36:09","slug":"tout-le-jour-jai-tendu-les-mains-vers-un-peuple-qui-refuse-et-soppose-is-652-rm-1021","status":"publish","type":"post","link":"https:\/\/www.associationdemarie.org\/blog\/tout-le-jour-jai-tendu-les-mains-vers-un-peuple-qui-refuse-et-soppose-is-652-rm-1021\/","title":{"rendered":"\u00ab Tout le jour j\u2019ai tendu les mains vers un peuple qui refuse et s\u2019oppose. \u00bb (Is 65,2; Rm 10,21)"},"content":{"rendered":"<p style=\"text-align: center;\"><a href=\"https:\/\/www.associationdemarie.org\/blog\/wp-content\/uploads\/2014\/03\/WCuchOUtKDJYxGZKbS9td77G_AM.jpg\"><img loading=\"lazy\" decoding=\"async\" class=\"aligncenter  wp-image-9191\" alt=\"WCuchOUtKDJYxGZKbS9td77G_AM\" src=\"https:\/\/www.associationdemarie.org\/blog\/wp-content\/uploads\/2014\/03\/WCuchOUtKDJYxGZKbS9td77G_AM-1024x356.jpg\" width=\"491\" height=\"171\" srcset=\"https:\/\/www.associationdemarie.org\/blog\/wp-content\/uploads\/2014\/03\/WCuchOUtKDJYxGZKbS9td77G_AM-1024x356.jpg 1024w, https:\/\/www.associationdemarie.org\/blog\/wp-content\/uploads\/2014\/03\/WCuchOUtKDJYxGZKbS9td77G_AM-300x104.jpg 300w, https:\/\/www.associationdemarie.org\/blog\/wp-content\/uploads\/2014\/03\/WCuchOUtKDJYxGZKbS9td77G_AM.jpg 1150w\" sizes=\"auto, (max-width: 491px) 100vw, 491px\" \/><\/a><\/p>\n<p>\u00ab\u00a0Je vous supplie par la mis\u00e9ricorde de Dieu \u00bb (Rm 12,1)\u00a0: Paul fait une demande, ou plut\u00f4t \u00e0 travers Paul, Dieu fait une demande, lui qui veut davantage \u00eatre aim\u00e9 que craint. Dieu fait une demande, parce qu&rsquo;il veut moins \u00eatre Seigneur que P\u00e8re&#8230; \u00c9coute le Seigneur demander [par son Fils]\u00a0: \u00ab\u00a0Tout le jour, dit-il, j&rsquo;ai tendu les mains. \u00bb N&rsquo;est-ce pas en tendant les mains que d&rsquo;habitude on demande\u00a0? \u00ab\u00a0J&rsquo;ai tendu les mains. \u00bb Vers qui\u00a0? \u00ab\u00a0Vers le peuple. \u00bb Vers quel peuple\u00a0? Un peuple non seulement incroyant, mais \u00ab\u00a0rebelle \u00bb. \u00ab\u00a0J&rsquo;ai tendu les mains \u00bb\u00a0: il ouvre ses bras, dilate son c\u0153ur, pr\u00e9sente sa poitrine, offre son sein, fait de tout son corps un refuge, pour montrer par cette supplication \u00e0 quel point il est p\u00e8re. \u00c9coute Dieu demander ailleurs\u00a0: \u00ab\u00a0Mon peuple, que t&rsquo;ai-je fait ou en quoi t&rsquo;ai-je attrist\u00e9\u00a0? \u00bb (Mi 6,3) Ne dit-il pas\u00a0: \u00ab\u00a0Si ma divinit\u00e9 vous est inconnue, ne reconna\u00eetrez-vous pas ma chair\u00a0? Voyez, voyez en moi votre corps, vos membres, vos entrailles, vos os, votre sang\u00a0! Et si vous craignez ce qui est \u00e0 Dieu, pourquoi n&rsquo;aimez-vous pas ce qui est \u00e0 vous\u00a0? Si vous fuyez le Seigneur, pourquoi ne courez-vous pas vers le P\u00e8re\u00a0?<\/p>\n<p>\u00ab\u00a0Mais la grandeur de la Passion de mon Fils, dont vous \u00eates la cause, vous couvre peut-\u00eatre de confusion. Ne craignez pas\u00a0! Cette croix n&rsquo;est pas mon gibet, mais celui de la mort. Ces clous ne fixent pas la douleur en moi, mais ils enfoncent plus profond\u00e9ment en moi l&rsquo;amour que j&rsquo;ai pour vous. Ces blessures ne m&rsquo;arrachent pas des cris, elles vous introduisent davantage au fond de mon c\u0153ur. L&rsquo;\u00e9cart\u00e8lement de mon corps vous donne une plus large place en mon sein, il n&rsquo;accro\u00eet pas mon supplice. Je ne perds pas mon sang, je le d\u00e9verse pour payer le v\u00f4tre.<\/p>\n<p>\u00ab\u00a0Venez donc, revenez, reconnaissez en moi un p\u00e8re que vous voyez rendre le bien pour le mal, l&rsquo;amour pour l&rsquo;injustice, une telle tendresse pour de telles blessures. \u00bb<\/p>\n<p>Saint Pierre Chrysologue (v. 406-450), \u00e9v\u00eaque de Ravenne, docteur de l&rsquo;\u00c9glise<br \/>\n<i>Sermon 108 ; PL 52, 499 (trad. Br\u00e9sard, 2000 ans A, p. 220; cf coll. P\u00e8res dans la foi, n\u00b046, p. 118)<\/i><\/p>\n<p>&nbsp;<\/p>\n<p>&nbsp;<\/p>\n<p>&nbsp;<\/p>\n<p>&nbsp;<\/p>\n","protected":false},"excerpt":{"rendered":"<p>\u00ab\u00a0Je vous supplie par la mis\u00e9ricorde de Dieu \u00bb (Rm 12,1)\u00a0: Paul fait une demande, ou plut\u00f4t \u00e0 travers Paul, Dieu fait une demande, lui qui veut davantage \u00eatre aim\u00e9 que craint. Dieu fait une demande, parce qu&rsquo;il veut moins \u00eatre Seigneur que P\u00e8re&#8230; \u00c9coute le Seigneur demander [par son Fils]\u00a0: \u00ab\u00a0Tout le jour, dit-il, [&hellip;]<\/p>\n","protected":false},"author":2,"featured_media":0,"comment_status":"closed","ping_status":"closed","sticky":false,"template":"","format":"standard","meta":{"footnotes":""},"categories":[3,1235,13,26,28],"tags":[234,274,1382,777,1072],"class_list":["post-9190","post","type-post","status-publish","format-standard","hentry","category-liturgique","category-careme-2014","category-ecritures","category-priere-des-ames","category-saints-et-saintes","tag-clous","tag-croix","tag-ecritures","tag-passion","tag-st-pierre-chrysologue"],"_links":{"self":[{"href":"https:\/\/www.associationdemarie.org\/blog\/wp-json\/wp\/v2\/posts\/9190","targetHints":{"allow":["GET"]}}],"collection":[{"href":"https:\/\/www.associationdemarie.org\/blog\/wp-json\/wp\/v2\/posts"}],"about":[{"href":"https:\/\/www.associationdemarie.org\/blog\/wp-json\/wp\/v2\/types\/post"}],"author":[{"embeddable":true,"href":"https:\/\/www.associationdemarie.org\/blog\/wp-json\/wp\/v2\/users\/2"}],"replies":[{"embeddable":true,"href":"https:\/\/www.associationdemarie.org\/blog\/wp-json\/wp\/v2\/comments?post=9190"}],"version-history":[{"count":1,"href":"https:\/\/www.associationdemarie.org\/blog\/wp-json\/wp\/v2\/posts\/9190\/revisions"}],"predecessor-version":[{"id":9192,"href":"https:\/\/www.associationdemarie.org\/blog\/wp-json\/wp\/v2\/posts\/9190\/revisions\/9192"}],"wp:attachment":[{"href":"https:\/\/www.associationdemarie.org\/blog\/wp-json\/wp\/v2\/media?parent=9190"}],"wp:term":[{"taxonomy":"category","embeddable":true,"href":"https:\/\/www.associationdemarie.org\/blog\/wp-json\/wp\/v2\/categories?post=9190"},{"taxonomy":"post_tag","embeddable":true,"href":"https:\/\/www.associationdemarie.org\/blog\/wp-json\/wp\/v2\/tags?post=9190"}],"curies":[{"name":"wp","href":"https:\/\/api.w.org\/{rel}","templated":true}]}}