{"id":9171,"date":"2014-04-06T01:12:52","date_gmt":"2014-04-06T00:12:52","guid":{"rendered":"http:\/\/www.associationdemarie.org\/blog\/?p=9171"},"modified":"2014-03-16T07:17:05","modified_gmt":"2014-03-16T06:17:05","slug":"moi-je-suis-la-resurrection-et-la-vie","status":"publish","type":"post","link":"https:\/\/www.associationdemarie.org\/blog\/moi-je-suis-la-resurrection-et-la-vie\/","title":{"rendered":"\u00ab Moi, je suis la r\u00e9surrection et la vie. \u00bb"},"content":{"rendered":"<p><a href=\"https:\/\/www.associationdemarie.org\/blog\/wp-content\/uploads\/2014\/03\/Giotto_di_Bondone_-_R\u00e9surrection_de_Lazare_d\u00e9tail.jpg\"><img loading=\"lazy\" decoding=\"async\" class=\"alignright size-medium wp-image-9172\" alt=\"Giotto_di_Bondone_-_R\u00e9surrection_de_Lazare_(d\u00e9tail)\" src=\"https:\/\/www.associationdemarie.org\/blog\/wp-content\/uploads\/2014\/03\/Giotto_di_Bondone_-_R\u00e9surrection_de_Lazare_d\u00e9tail-225x300.jpg\" width=\"225\" height=\"300\" srcset=\"https:\/\/www.associationdemarie.org\/blog\/wp-content\/uploads\/2014\/03\/Giotto_di_Bondone_-_R\u00e9surrection_de_Lazare_d\u00e9tail-225x300.jpg 225w, https:\/\/www.associationdemarie.org\/blog\/wp-content\/uploads\/2014\/03\/Giotto_di_Bondone_-_R\u00e9surrection_de_Lazare_d\u00e9tail-769x1024.jpg 769w, https:\/\/www.associationdemarie.org\/blog\/wp-content\/uploads\/2014\/03\/Giotto_di_Bondone_-_R\u00e9surrection_de_Lazare_d\u00e9tail.jpg 1997w\" sizes=\"auto, (max-width: 225px) 100vw, 225px\" \/><\/a>Quand il a demand\u00e9 : \u00ab O\u00f9 l\u2019avez-vous d\u00e9pos\u00e9 ? \u00bb, les larmes venaient aux yeux de notre Seigneur. Ses larmes ont \u00e9t\u00e9 comme la pluie, Lazare comme le grain, et le s\u00e9pulcre comme la terre. Il a cri\u00e9 d\u2019une voix de tonnerre, la mort a trembl\u00e9 \u00e0 sa voix, Lazare a jailli comme le grain, est sorti et a ador\u00e9 le Seigneur qui l\u2019avait ressuscit\u00e9.<\/p>\n<p>J\u00e9sus\u2026a rendu la vie \u00e0 Lazare et est mort \u00e0 sa place, car, lorsqu\u2019il l\u2019eut tir\u00e9 du s\u00e9pulcre et pris place \u00e0 sa table, lui-m\u00eame a \u00e9t\u00e9 enseveli symboliquement par l\u2019huile que Marie a vers\u00e9e sur sa t\u00eate (Mt 26,7). La force de la mort qui avait triomph\u00e9 depuis quatre jours est \u00e9cras\u00e9e\u2026pour que la mort sache qu\u2019il \u00e9tait facile au Seigneur de la vaincre le troisi\u00e8me jour\u2026; sa promesse est v\u00e9ridique : il avait promis qu\u2019il ressusciterait lui-m\u00eame le troisi\u00e8me jour (Mt 16,21)\u2026 Le Seigneur a donc rendu leur joie \u00e0 Marie et \u00e0 Marthe en terrassant l\u2019enfer pour montrer que lui-m\u00eame ne serait pas retenu par la mort pour toujours\u2026 Maintenant, chaque fois qu\u2019on dira que ressusciter le troisi\u00e8me jour est impossible, qu\u2019on regarde celui qui a \u00e9t\u00e9 ressuscit\u00e9 le quatri\u00e8me jour&#8230;<\/p>\n<p>\u00ab Approchez-vous et enlevez la pierre. \u00bb Quoi donc, celui qui a ressuscit\u00e9 un mort et lui a rendu la vie n\u2019aurait-il pas pu ouvrir le s\u00e9pulcre et renverser la pierre ? Lui qui disait \u00e0 ses disciples : \u00ab Si vous avez la foi gros comme un grain de moutarde, vous direz \u00e0 cette montagne : D\u00e9place-toi, et elle se d\u00e9placera \u00bb (Mt 17,20), n\u2019aurait-il pas pu par un mot d\u00e9placer la pierre qui fermait l\u2019entr\u00e9e du s\u00e9pulcre ? Certes, il aurait pu aussi enlever la pierre par sa parole, lui dont la voix, alors qu&rsquo;il \u00e9tait suspendu \u00e0 la croix, a fendu les pierres et les s\u00e9pulcres (Mt 27,51-52). Mais, parce qu\u2019il \u00e9tait l\u2019ami de Lazare, il dit : \u00ab Ouvrez, pour que l\u2019odeur de la pourriture vous frappe, et d\u00e9liez-le, vous qui l\u2019avez envelopp\u00e9 dans son suaire, pour que vous reconnaissiez bien celui que vous aviez enseveli. \u00bb<\/p>\n<p>Saint Ephrem (v. 306-373), diacre en Syrie, docteur de l&rsquo;\u00c9glise<br \/>\n<i>Commentaire de l&rsquo;\u00c9vangile concordant, 17, 7-10 ; SC 121 (trad. cf\u00a0\u00a0SC p. 307)<\/i><\/p>\n<p>&nbsp;<\/p>\n<p>&nbsp;<\/p>\n<p>&nbsp;<\/p>\n<p>&nbsp;<\/p>\n","protected":false},"excerpt":{"rendered":"<p>Quand il a demand\u00e9 : \u00ab O\u00f9 l\u2019avez-vous d\u00e9pos\u00e9 ? \u00bb, les larmes venaient aux yeux de notre Seigneur. Ses larmes ont \u00e9t\u00e9 comme la pluie, Lazare comme le grain, et le s\u00e9pulcre comme la terre. Il a cri\u00e9 d\u2019une voix de tonnerre, la mort a trembl\u00e9 \u00e0 sa voix, Lazare a jailli comme le [&hellip;]<\/p>\n","protected":false},"author":2,"featured_media":0,"comment_status":"closed","ping_status":"closed","sticky":false,"template":"","format":"standard","meta":{"footnotes":""},"categories":[3,1235,13,28],"tags":[535,574,646,892,1028,1184],"class_list":["post-9171","post","type-post","status-publish","format-standard","hentry","category-liturgique","category-careme-2014","category-ecritures","category-saints-et-saintes","tag-jesus","tag-lazare","tag-marthe-et-marie","tag-resurrection","tag-st-ephrem","tag-vie"],"_links":{"self":[{"href":"https:\/\/www.associationdemarie.org\/blog\/wp-json\/wp\/v2\/posts\/9171","targetHints":{"allow":["GET"]}}],"collection":[{"href":"https:\/\/www.associationdemarie.org\/blog\/wp-json\/wp\/v2\/posts"}],"about":[{"href":"https:\/\/www.associationdemarie.org\/blog\/wp-json\/wp\/v2\/types\/post"}],"author":[{"embeddable":true,"href":"https:\/\/www.associationdemarie.org\/blog\/wp-json\/wp\/v2\/users\/2"}],"replies":[{"embeddable":true,"href":"https:\/\/www.associationdemarie.org\/blog\/wp-json\/wp\/v2\/comments?post=9171"}],"version-history":[{"count":1,"href":"https:\/\/www.associationdemarie.org\/blog\/wp-json\/wp\/v2\/posts\/9171\/revisions"}],"predecessor-version":[{"id":9173,"href":"https:\/\/www.associationdemarie.org\/blog\/wp-json\/wp\/v2\/posts\/9171\/revisions\/9173"}],"wp:attachment":[{"href":"https:\/\/www.associationdemarie.org\/blog\/wp-json\/wp\/v2\/media?parent=9171"}],"wp:term":[{"taxonomy":"category","embeddable":true,"href":"https:\/\/www.associationdemarie.org\/blog\/wp-json\/wp\/v2\/categories?post=9171"},{"taxonomy":"post_tag","embeddable":true,"href":"https:\/\/www.associationdemarie.org\/blog\/wp-json\/wp\/v2\/tags?post=9171"}],"curies":[{"name":"wp","href":"https:\/\/api.w.org\/{rel}","templated":true}]}}