{"id":9151,"date":"2014-04-02T01:14:03","date_gmt":"2014-04-02T00:14:03","guid":{"rendered":"http:\/\/www.associationdemarie.org\/blog\/?p=9151"},"modified":"2014-03-12T08:16:01","modified_gmt":"2014-03-12T07:16:01","slug":"paque-2","status":"publish","type":"post","link":"https:\/\/www.associationdemarie.org\/blog\/paque-2\/","title":{"rendered":"P\u00e2que"},"content":{"rendered":"<p><a href=\"https:\/\/www.associationdemarie.org\/blog\/wp-content\/uploads\/2011\/03\/p\u00e2que.gif\"><img loading=\"lazy\" decoding=\"async\" class=\"alignleft\" title=\"p\u00e2que\" alt=\"\" src=\"https:\/\/www.associationdemarie.org\/blog\/wp-content\/uploads\/2011\/03\/p\u00e2que-95x300.gif\" width=\"95\" height=\"300\" \/><\/a>\u00ab\u00a0<em>La P\u00e2que de mon Fils n\u2019est pas comprise par le monde ; l\u2019homme ne comprend pas qu\u2019Il a donn\u00e9 Sa chair, Son sang pour sauver l\u2019humanit\u00e9, pour sauver le p\u00e9ch\u00e9 de l\u2019humanit\u00e9. Il a pris sur Lui la faiblesse humaine, pour que l\u2019homme renoue avec Son P\u00e8re, pour que l\u2019homme renoue avec un monde d\u2019Amour et de Paix. H\u00e9las, l\u2019homme s\u2019exclut lui-m\u00eame du royaume Divin, car son ego prend la place initiale du P\u00e8re Tr\u00e8s Saint.<\/em><\/p>\n<p><em>Venez \u00e0 moi mes enfants, car le Seigneur a besoin de notre r\u00e9union et d\u2019\u00eatre soulag\u00e9. Mes enfants, il faut prier, prier, prier, car le monde ne sait o\u00f9 il va, et Dieu le P\u00e8re n\u2019arr\u00eatera pas Sa justice tant que l\u2019homme ne sera pas conscient de son erreur.\u00a0\u00bb<\/em><\/p>\n<p><em>Marie, M\u00e8re des hommes &#8211; avril 1993<\/em><\/p>\n<p><em>\u00a0<\/em><\/p>\n<p>&nbsp;<\/p>\n<p><span style=\"color: #ffffff;\">.<\/span><\/p>\n","protected":false},"excerpt":{"rendered":"<p>\u00ab\u00a0La P\u00e2que de mon Fils n\u2019est pas comprise par le monde ; l\u2019homme ne comprend pas qu\u2019Il a donn\u00e9 Sa chair, Son sang pour sauver l\u2019humanit\u00e9, pour sauver le p\u00e9ch\u00e9 de l\u2019humanit\u00e9. Il a pris sur Lui la faiblesse humaine, pour que l\u2019homme renoue avec Son P\u00e8re, pour que l\u2019homme renoue avec un monde d\u2019Amour [&hellip;]<\/p>\n","protected":false},"author":2,"featured_media":0,"comment_status":"closed","ping_status":"closed","sticky":false,"template":"","format":"standard","meta":{"footnotes":""},"categories":[3,1235,19],"tags":[184,640,668,762,777,829],"class_list":["post-9151","post","type-post","status-publish","format-standard","hentry","category-liturgique","category-careme-2014","category-messages","tag-careme","tag-marie-mere-des-hommes","tag-message","tag-paque","tag-passion","tag-prier"],"_links":{"self":[{"href":"https:\/\/www.associationdemarie.org\/blog\/wp-json\/wp\/v2\/posts\/9151","targetHints":{"allow":["GET"]}}],"collection":[{"href":"https:\/\/www.associationdemarie.org\/blog\/wp-json\/wp\/v2\/posts"}],"about":[{"href":"https:\/\/www.associationdemarie.org\/blog\/wp-json\/wp\/v2\/types\/post"}],"author":[{"embeddable":true,"href":"https:\/\/www.associationdemarie.org\/blog\/wp-json\/wp\/v2\/users\/2"}],"replies":[{"embeddable":true,"href":"https:\/\/www.associationdemarie.org\/blog\/wp-json\/wp\/v2\/comments?post=9151"}],"version-history":[{"count":2,"href":"https:\/\/www.associationdemarie.org\/blog\/wp-json\/wp\/v2\/posts\/9151\/revisions"}],"predecessor-version":[{"id":9154,"href":"https:\/\/www.associationdemarie.org\/blog\/wp-json\/wp\/v2\/posts\/9151\/revisions\/9154"}],"wp:attachment":[{"href":"https:\/\/www.associationdemarie.org\/blog\/wp-json\/wp\/v2\/media?parent=9151"}],"wp:term":[{"taxonomy":"category","embeddable":true,"href":"https:\/\/www.associationdemarie.org\/blog\/wp-json\/wp\/v2\/categories?post=9151"},{"taxonomy":"post_tag","embeddable":true,"href":"https:\/\/www.associationdemarie.org\/blog\/wp-json\/wp\/v2\/tags?post=9151"}],"curies":[{"name":"wp","href":"https:\/\/api.w.org\/{rel}","templated":true}]}}