{"id":9147,"date":"2014-04-01T01:44:11","date_gmt":"2014-04-01T00:44:11","guid":{"rendered":"http:\/\/www.associationdemarie.org\/blog\/?p=9147"},"modified":"2014-03-11T07:47:49","modified_gmt":"2014-03-11T06:47:49","slug":"veux-tu-guerir-le-careme-conduit-au-bapteme","status":"publish","type":"post","link":"https:\/\/www.associationdemarie.org\/blog\/veux-tu-guerir-le-careme-conduit-au-bapteme\/","title":{"rendered":"\u00ab Veux-tu gu\u00e9rir ? \u00bb Le car\u00eame conduit au bapt\u00eame."},"content":{"rendered":"<p style=\"text-align: center;\"><a href=\"https:\/\/www.associationdemarie.org\/blog\/wp-content\/uploads\/2014\/03\/bapteme_theme_arche_de_noe_001.jpg\"><img loading=\"lazy\" decoding=\"async\" class=\"aligncenter  wp-image-9148\" alt=\"bapteme_theme_arche_de_noe_001\" src=\"https:\/\/www.associationdemarie.org\/blog\/wp-content\/uploads\/2014\/03\/bapteme_theme_arche_de_noe_001.jpg\" width=\"403\" height=\"286\" srcset=\"https:\/\/www.associationdemarie.org\/blog\/wp-content\/uploads\/2014\/03\/bapteme_theme_arche_de_noe_001.jpg 720w, https:\/\/www.associationdemarie.org\/blog\/wp-content\/uploads\/2014\/03\/bapteme_theme_arche_de_noe_001-300x212.jpg 300w\" sizes=\"auto, (max-width: 403px) 100vw, 403px\" \/><\/a><\/p>\n<p>Nous lisons dans l&rsquo;Ancien Testament qu&rsquo;au temps de No\u00e9, comme tout le genre humain \u00e9tait gagn\u00e9 par le p\u00e9ch\u00e9, les cataractes du ciel se sont ouvertes et que pendant quarante jours les eaux de la pluie se sont abattues\u2026 C\u2019\u00e9tait symbolique : il s&rsquo;agit moins d&rsquo;un d\u00e9luge que d&rsquo;un bapt\u00eame. C&rsquo;est bien un bapt\u00eame qui a emport\u00e9 la m\u00e9chancet\u00e9 des p\u00e9cheurs et \u00e9pargn\u00e9 la droiture de No\u00e9. Ainsi donc, comme \u00e0 cette \u00e9poque, aujourd\u2019hui le Seigneur nous a donn\u00e9 le car\u00eame pour que les cieux s&rsquo;ouvrent pendant le m\u00eame nombre de jours, pour nous inonder de l\u2019ond\u00e9e de la mis\u00e9ricorde divine. Une fois lav\u00e9s dans les eaux du bapt\u00eame qui sauvent, ce sacrement nous illumine ; comme autrefois, les eaux emportent le mal de nos fautes et affermissent la droiture de nos vertus.<\/p>\n<p>La situation aujourd&rsquo;hui est la m\u00eame qu\u2019au temps de No\u00e9. Le bapt\u00eame est d\u00e9luge pour le p\u00e9cheur et cons\u00e9cration pour ceux qui sont fid\u00e8les. Dans le bapt\u00eame, le Seigneur sauve la justice et d\u00e9truit l&rsquo;injustice. Nous le voyons dans l&rsquo;exemple d&rsquo;un seul et m\u00eame homme : l\u2019ap\u00f4tre Paul, avant d&rsquo;\u00eatre purifi\u00e9 par les commandements spirituels, \u00e9tait un pers\u00e9cuteur et un blasph\u00e9mateur (1Tm 1,13). Une fois baign\u00e9 de la pluie c\u00e9leste du bapt\u00eame, le blasph\u00e9mateur est mort, le pers\u00e9cuteur est mort, Saul est mort. Alors prend vie l&rsquo;ap\u00f4tre, le juste, Paul\u2026 Quiconque vit religieusement le car\u00eame et observe les prescriptions du Seigneur voit mourir en lui le p\u00e9ch\u00e9 et vivre la gr\u00e2ce\u2026; il meurt comme p\u00e9cheur et vit comme juste.<\/p>\n<p>Saint Maxime de Turin (?-v. 420), \u00e9v\u00eaque<br \/>\n<i>Sermon pour le car\u00eame ; CC Sermon 50, p. 202 ; PL 57, 585 (trad. Migne 1996, p. 89 rev.)<\/i><\/p>\n<p>&nbsp;<\/p>\n<p>&nbsp;<\/p>\n<p>&nbsp;<\/p>\n","protected":false},"excerpt":{"rendered":"<p>Nous lisons dans l&rsquo;Ancien Testament qu&rsquo;au temps de No\u00e9, comme tout le genre humain \u00e9tait gagn\u00e9 par le p\u00e9ch\u00e9, les cataractes du ciel se sont ouvertes et que pendant quarante jours les eaux de la pluie se sont abattues\u2026 C\u2019\u00e9tait symbolique : il s&rsquo;agit moins d&rsquo;un d\u00e9luge que d&rsquo;un bapt\u00eame. C&rsquo;est bien un bapt\u00eame qui [&hellip;]<\/p>\n","protected":false},"author":2,"featured_media":0,"comment_status":"closed","ping_status":"closed","sticky":false,"template":"","format":"standard","meta":{"footnotes":""},"categories":[3,1235,13,28],"tags":[67,131,184,714,1060,1068],"class_list":["post-9147","post","type-post","status-publish","format-standard","hentry","category-liturgique","category-careme-2014","category-ecritures","category-saints-et-saintes","tag-ancien-testament","tag-bapteme","tag-careme","tag-noe","tag-st-maxime","tag-st-paul"],"_links":{"self":[{"href":"https:\/\/www.associationdemarie.org\/blog\/wp-json\/wp\/v2\/posts\/9147","targetHints":{"allow":["GET"]}}],"collection":[{"href":"https:\/\/www.associationdemarie.org\/blog\/wp-json\/wp\/v2\/posts"}],"about":[{"href":"https:\/\/www.associationdemarie.org\/blog\/wp-json\/wp\/v2\/types\/post"}],"author":[{"embeddable":true,"href":"https:\/\/www.associationdemarie.org\/blog\/wp-json\/wp\/v2\/users\/2"}],"replies":[{"embeddable":true,"href":"https:\/\/www.associationdemarie.org\/blog\/wp-json\/wp\/v2\/comments?post=9147"}],"version-history":[{"count":1,"href":"https:\/\/www.associationdemarie.org\/blog\/wp-json\/wp\/v2\/posts\/9147\/revisions"}],"predecessor-version":[{"id":9149,"href":"https:\/\/www.associationdemarie.org\/blog\/wp-json\/wp\/v2\/posts\/9147\/revisions\/9149"}],"wp:attachment":[{"href":"https:\/\/www.associationdemarie.org\/blog\/wp-json\/wp\/v2\/media?parent=9147"}],"wp:term":[{"taxonomy":"category","embeddable":true,"href":"https:\/\/www.associationdemarie.org\/blog\/wp-json\/wp\/v2\/categories?post=9147"},{"taxonomy":"post_tag","embeddable":true,"href":"https:\/\/www.associationdemarie.org\/blog\/wp-json\/wp\/v2\/tags?post=9147"}],"curies":[{"name":"wp","href":"https:\/\/api.w.org\/{rel}","templated":true}]}}