{"id":9139,"date":"2014-03-30T01:14:52","date_gmt":"2014-03-30T00:14:52","guid":{"rendered":"http:\/\/www.associationdemarie.org\/blog\/?p=9139"},"modified":"2014-03-09T08:19:19","modified_gmt":"2014-03-09T07:19:19","slug":"quatrieme-dimanche-de-careme-laetare","status":"publish","type":"post","link":"https:\/\/www.associationdemarie.org\/blog\/quatrieme-dimanche-de-careme-laetare\/","title":{"rendered":"Quatri\u00e8me dimanche de Car\u00eame (Laetare)"},"content":{"rendered":"<p><a href=\"https:\/\/www.associationdemarie.org\/blog\/wp-content\/uploads\/2014\/03\/bannerjeremie.png\"><img loading=\"lazy\" decoding=\"async\" class=\"aligncenter size-full wp-image-9140\" alt=\"bannerjeremie\" src=\"https:\/\/www.associationdemarie.org\/blog\/wp-content\/uploads\/2014\/03\/bannerjeremie.png\" width=\"539\" height=\"200\" srcset=\"https:\/\/www.associationdemarie.org\/blog\/wp-content\/uploads\/2014\/03\/bannerjeremie.png 539w, https:\/\/www.associationdemarie.org\/blog\/wp-content\/uploads\/2014\/03\/bannerjeremie-300x111.png 300w\" sizes=\"auto, (max-width: 539px) 100vw, 539px\" \/><\/a><\/p>\n<p>Celui qui \u00ab \u00e9claire tout homme en venant dans ce monde \u00bb (Jn 1,9) est le vrai miroir du P\u00e8re. Le Christ passe en tant que reflet du P\u00e8re (He 1,3) et \u00e9carte la c\u00e9cit\u00e9 des yeux de ceux qui ne voient pas. Le Christ qui vient du ciel passe, afin que toute chair le voie\u2026; seul l\u2019aveugle ne pouvait pas voir le Christ, miroir du P\u00e8re\u2026 Le Christ a ouvert cette prison ; il a dessill\u00e9 les yeux de l\u2019aveugle, qui a vu dans le Christ le miroir du P\u00e8re\u2026<\/p>\n<p>Le premier homme avait \u00e9t\u00e9 cr\u00e9\u00e9 lumineux ; mais il s\u2019est trouv\u00e9 aveugle, quand il a quitt\u00e9 le serpent. Cet aveugle s\u2019est mis \u00e0 rena\u00eetre quand il s\u2019est mis \u00e0 croire&#8230; L\u2019aveugle de naissance \u00e9tait assis\u2026sans r\u00e9clamer \u00e0 aucun m\u00e9decin une pommade pour gu\u00e9rir ses yeux\u2026 L\u2019artisan de l\u2019univers vient et refl\u00e8te dans le miroir l\u2019image. Il voit la mis\u00e8re de l\u2019aveugle assis l\u00e0 et qui demande l\u2019aum\u00f4ne. Quel miracle de la force de Dieu ! Elle gu\u00e9rit ce qu\u2019elle voit, elle illumine ce qu\u2019elle visite\u2026<\/p>\n<p>Celui qui a cr\u00e9\u00e9 le globe terrestre a maintenant ouvert les globes des yeux aveugles\u2026 Le potier qui nous a faits (Gn 2,6; Is 64,7) a vu ces yeux vides\u2026; il les a touch\u00e9s en m\u00ealant sa salive \u00e0 de la terre et en appliquant cette boue, il a form\u00e9 les yeux de l\u2019aveugle\u2026 L\u2019homme est form\u00e9 d\u2019argile, la pommade de boue\u2026; la mati\u00e8re qui avait d\u2019abord servi \u00e0 former les yeux les a ensuite gu\u00e9ris. Quel est le prodige le plus grand : cr\u00e9er le globe du soleil ou recr\u00e9er les yeux de l\u2019aveugle-n\u00e9 ? Le Seigneur, sur son tr\u00f4ne, a fait briller le soleil ; en parcourant les places publiques de la terre, il a permis \u00e0 l\u2019aveugle de voir. La lumi\u00e8re est venue sans avoir \u00e9t\u00e9 demand\u00e9e, et sans supplication l\u2019aveugle a \u00e9t\u00e9 lib\u00e9r\u00e9 de son infirmit\u00e9 de naissance.<\/p>\n<p>Une hom\u00e9lie \u00e9crite en Afrique du Nord au 5e ou 6e si\u00e8cle, attribu\u00e9e \u00e0 tort \u00e0 saint Fulgence (467-532)<br \/>\n<i>PL 65, 880 (trad. Jean expliqu\u00e9, DDB 1985, p. 87 rev.)<\/i><\/p>\n<p>&nbsp;<\/p>\n<p>&nbsp;<\/p>\n<p>&nbsp;<\/p>\n","protected":false},"excerpt":{"rendered":"<p>Celui qui \u00ab \u00e9claire tout homme en venant dans ce monde \u00bb (Jn 1,9) est le vrai miroir du P\u00e8re. Le Christ passe en tant que reflet du P\u00e8re (He 1,3) et \u00e9carte la c\u00e9cit\u00e9 des yeux de ceux qui ne voient pas. Le Christ qui vient du ciel passe, afin que toute chair le [&hellip;]<\/p>\n","protected":false},"author":2,"featured_media":0,"comment_status":"closed","ping_status":"closed","sticky":false,"template":"","format":"standard","meta":{"footnotes":""},"categories":[3,13,28],"tags":[41,128,269,331,1242],"class_list":["post-9139","post","type-post","status-publish","format-standard","hentry","category-liturgique","category-ecritures","category-saints-et-saintes","tag-adam-et-eve","tag-aveugle","tag-creation","tag-ecriture","tag-potier"],"_links":{"self":[{"href":"https:\/\/www.associationdemarie.org\/blog\/wp-json\/wp\/v2\/posts\/9139","targetHints":{"allow":["GET"]}}],"collection":[{"href":"https:\/\/www.associationdemarie.org\/blog\/wp-json\/wp\/v2\/posts"}],"about":[{"href":"https:\/\/www.associationdemarie.org\/blog\/wp-json\/wp\/v2\/types\/post"}],"author":[{"embeddable":true,"href":"https:\/\/www.associationdemarie.org\/blog\/wp-json\/wp\/v2\/users\/2"}],"replies":[{"embeddable":true,"href":"https:\/\/www.associationdemarie.org\/blog\/wp-json\/wp\/v2\/comments?post=9139"}],"version-history":[{"count":1,"href":"https:\/\/www.associationdemarie.org\/blog\/wp-json\/wp\/v2\/posts\/9139\/revisions"}],"predecessor-version":[{"id":9141,"href":"https:\/\/www.associationdemarie.org\/blog\/wp-json\/wp\/v2\/posts\/9139\/revisions\/9141"}],"wp:attachment":[{"href":"https:\/\/www.associationdemarie.org\/blog\/wp-json\/wp\/v2\/media?parent=9139"}],"wp:term":[{"taxonomy":"category","embeddable":true,"href":"https:\/\/www.associationdemarie.org\/blog\/wp-json\/wp\/v2\/categories?post=9139"},{"taxonomy":"post_tag","embeddable":true,"href":"https:\/\/www.associationdemarie.org\/blog\/wp-json\/wp\/v2\/tags?post=9139"}],"curies":[{"name":"wp","href":"https:\/\/api.w.org\/{rel}","templated":true}]}}