{"id":9098,"date":"2014-03-19T01:12:31","date_gmt":"2014-03-19T00:12:31","guid":{"rendered":"http:\/\/www.associationdemarie.org\/blog\/?p=9098"},"modified":"2014-02-26T16:17:11","modified_gmt":"2014-02-26T15:17:11","slug":"solennite-de-saint-joseph-epoux-de-la-vierge-marie-patron-de-leglise-universelle-3","status":"publish","type":"post","link":"https:\/\/www.associationdemarie.org\/blog\/solennite-de-saint-joseph-epoux-de-la-vierge-marie-patron-de-leglise-universelle-3\/","title":{"rendered":"Solennit\u00e9 de saint Joseph, \u00e9poux de la Vierge Marie, patron de l&rsquo;\u00c9glise universelle"},"content":{"rendered":"<p style=\"text-align: center;\"><span style=\"line-height: 1.5em;\"><a href=\"https:\/\/www.associationdemarie.org\/blog\/wp-content\/uploads\/2014\/02\/San_Giuseppe_AU.jpg\"><img loading=\"lazy\" decoding=\"async\" class=\"aligncenter  wp-image-9099\" alt=\"San_Giuseppe_AU\" src=\"https:\/\/www.associationdemarie.org\/blog\/wp-content\/uploads\/2014\/02\/San_Giuseppe_AU.jpg\" width=\"362\" height=\"504\" srcset=\"https:\/\/www.associationdemarie.org\/blog\/wp-content\/uploads\/2014\/02\/San_Giuseppe_AU.jpg 517w, https:\/\/www.associationdemarie.org\/blog\/wp-content\/uploads\/2014\/02\/San_Giuseppe_AU-215x300.jpg 215w\" sizes=\"auto, (max-width: 362px) 100vw, 362px\" \/><\/a><\/span><\/p>\n<p style=\"text-align: center;\">\n<p style=\"text-align: center;\"><span style=\"color: #ffffff;\">.<\/span><\/p>\n<p style=\"text-align: justify;\"><span style=\"line-height: 1.5em;\">1. Nous c\u00e9l\u00e9brons aujourd&rsquo;hui la solennit\u00e9 de la Saint-Joseph, Epoux de Marie (<\/span><em style=\"line-height: 1.5em;\">Mt 1, 24; Lc 1, 27<\/em><span style=\"line-height: 1.5em;\">). La liturgie nous l&rsquo;indique comme le \u00ab\u00a0<\/span><em style=\"line-height: 1.5em;\">p\u00e8re<\/em><span style=\"line-height: 1.5em;\">\u00a0\u00bb de J\u00e9sus (Lc 2, 27.33.41.43.48), pr\u00eat \u00e0 r\u00e9aliser les desseins divins, m\u00eame lorsque ceux-ci \u00e9chappent \u00e0 la compr\u00e9hension humaine. A travers lui, \u00ab\u00a0<\/span><em style=\"line-height: 1.5em;\">fils de David<\/em><span style=\"line-height: 1.5em;\">\u00a0\u00bb (Mt 1, 20; Lc 1, 27), les \u00c9critures se sont accomplies et le Verbe Eternel s&rsquo;est fait homme, par l&rsquo;\u0153uvre de l&rsquo;Esprit Saint, dans le sein de la Vierge Marie. Saint Joseph est d\u00e9fini dans l&rsquo;\u00c9vangile comme un \u00ab\u00a0<\/span><em style=\"line-height: 1.5em;\">homme juste<\/em><span style=\"line-height: 1.5em;\">\u00a0\u00bb (Mt 1, 19), et il est pour tous les croyants un mod\u00e8le de vie dans la foi.<\/span><\/p>\n<p>2. Le mot \u00ab\u00a0<em>juste<\/em>\u00a0\u00bb \u00e9voque sa rectitude morale, son attachement sinc\u00e8re \u00e0 la pratique de la loi et l&rsquo;attitude de totale ouverture \u00e0 la volont\u00e9 du P\u00e8re c\u00e9leste. M\u00eame dans les moments difficiles et parfois dramatiques, l&rsquo;humble charpentier de Nazareth ne s&rsquo;arroge jamais le droit de mettre en discussion le projet de Dieu. Il attend l&rsquo;appel d&rsquo;En-Haut et, en silence, il respecte le myst\u00e8re, se laissant guider par le Seigneur. Une fois sa t\u00e2che re\u00e7ue, il l&rsquo;ex\u00e9cute avec une responsabilit\u00e9 docile: il \u00e9coute l&rsquo;ange avec attention lorsqu&rsquo;il s&rsquo;agit de prendre la Vierge de Nazareth comme \u00e9pouse (cf. Mt 1, 18-25), lors de la fuite en \u00c9gypte (cf. Mt 2, 13-15) et du retour en Isra\u00ebl (cf. Ibid. 2, 19-23). Les \u00e9vang\u00e9listes le d\u00e9crivent en quelques lignes, mais de fa\u00e7on significative, comme le gardien plein de sollicitude de J\u00e9sus, \u00e9poux attentif et fid\u00e8le, qui exerce l&rsquo;autorit\u00e9 familiale dans une attitude constante de service. Les \u00c9critures Saintes ne nous racontent rien d&rsquo;autre \u00e0 son propos, mais dans ce silence est contenu le style m\u00eame de sa mission: une existence v\u00e9cue dans la grisaille de la vie quotidienne, mais avec une foi assur\u00e9e dans la Providence.<\/p>\n<p>3. Chaque jour, saint Joseph dut subvenir aux besoins de sa famille par le dur travail manuel. C&rsquo;est pourquoi l&rsquo;\u00c9glise l&rsquo;indique \u00e0 juste titre comme le patron des travailleurs.<\/p>\n<p>La solennit\u00e9 d&rsquo;aujourd&rsquo;hui constitue donc une occasion propice pour r\u00e9fl\u00e9chir \u00e9galement sur l&rsquo;importance du travail dans l&rsquo;existence de l&rsquo;homme, dans la famille et dans la communaut\u00e9.<\/p>\n<p>L&rsquo;homme est le sujet et le protagoniste du travail et, \u00e0 la lumi\u00e8re de cette v\u00e9rit\u00e9, on peut bien percevoir le lien fondamental existant entre personne, travail et soci\u00e9t\u00e9. L&rsquo;activit\u00e9 humaine &#8211; rappelle le Concile Vatican II &#8211; d\u00e9rive de l&rsquo;homme et a l&rsquo;homme pour objectif. Selon le dessein et la volont\u00e9 de Dieu, elle doit servir au bien v\u00e9ritable de l&rsquo;humanit\u00e9 et permettre \u00ab\u00a0<em>\u00e0 l&rsquo;homme en tant qu&rsquo;individu ou membre de la soci\u00e9t\u00e9 de cultiver et de r\u00e9aliser sa vocation int\u00e9grale<\/em>\u00a0\u00bb (<a href=\"http:\/\/www.vatican.va\/archive\/hist_councils\/ii_vatican_council\/documents\/vat-ii_cons_19651207_gaudium-et-spes_fr.html\">Gaudium et spes<\/a>; n. 35).<\/p>\n<p>Pour mener \u00e0 bien cette t\u00e2che, il est n\u00e9cessaire de cultiver une \u00ab\u00a0<em>spiritualit\u00e9 \u00e9prouv\u00e9e du travail humain<\/em>\u00a0\u00bb ancr\u00e9e, par de solides racines, \u00e0 \u00ab\u00a0<em>l&rsquo;\u00c9vangile du travail<\/em>\u00a0\u00bb et les croyants sont appel\u00e9s \u00e0 proclamer et \u00e0 t\u00e9moigner la signification chr\u00e9tienne du travail dans leurs diverses activit\u00e9s professionnelles (cf.\u00a0<a href=\"http:\/\/www.vatican.va\/holy_father\/john_paul_ii\/encyclicals\/documents\/hf_jp-ii_enc_14091981_laborem-exercens_fr.html\">Laborem exercens<\/a>, n. 26).<\/p>\n<p>4. Que saint Joseph, un saint si grand et si humble, soit un exemple auquel les travailleurs chr\u00e9tiens s&rsquo;inspirent, en l&rsquo;invoquant en toute circonstance. Je voudrais aujourd&rsquo;hui confier au sage gardien de la sainte Famille de Nazareth les jeunes qui se pr\u00e9parent \u00e0 leur future profession, les ch\u00f4meurs et ceux qui souffrent du fait des difficult\u00e9s li\u00e9es \u00e0 la crise du ch\u00f4mage, les familles et le monde du travail tout entier avec les attentes et les d\u00e9fis, les probl\u00e8mes et les perspectives qui le caract\u00e9risent.<\/p>\n<p>Que saint Joseph, patron universel de l&rsquo;\u00c9glise, veille sur toute la communaut\u00e9 eccl\u00e9siale et, en tant qu&rsquo;homme de paix qu&rsquo;il \u00e9tait, obtienne pour toute l&rsquo;humanit\u00e9, en particulier pour les peuples menac\u00e9es en ces heures par la guerre, le pr\u00e9cieux don de la concorde et de la paix<\/p>\n<p>&nbsp;<\/p>\n<p align=\"center\">Audience G\u00e9n\u00e9rale du Bx Jean-Paul II<\/p>\n<p align=\"center\">Mercredi 19 mars 2003<\/p>\n<p>Source principale : vatican.va (\u00ab R\u00e9v. x gpm \u00bb).<\/p>\n","protected":false},"excerpt":{"rendered":"<p>. 1. Nous c\u00e9l\u00e9brons aujourd&rsquo;hui la solennit\u00e9 de la Saint-Joseph, Epoux de Marie (Mt 1, 24; Lc 1, 27). La liturgie nous l&rsquo;indique comme le \u00ab\u00a0p\u00e8re\u00a0\u00bb de J\u00e9sus (Lc 2, 27.33.41.43.48), pr\u00eat \u00e0 r\u00e9aliser les desseins divins, m\u00eame lorsque ceux-ci \u00e9chappent \u00e0 la compr\u00e9hension humaine. A travers lui, \u00ab\u00a0fils de David\u00a0\u00bb (Mt 1, 20; Lc [&hellip;]<\/p>\n","protected":false},"author":2,"featured_media":0,"comment_status":"closed","ping_status":"closed","sticky":false,"template":"","format":"standard","meta":{"footnotes":""},"categories":[3,4,13,15,28],"tags":[158,1382,337,636,1049,1093],"class_list":["post-9098","post","type-post","status-publish","format-standard","hentry","category-liturgique","category-iconographie","category-ecritures","category-histoire","category-saints-et-saintes","tag-bienheureux-jean-paul-2","tag-ecritures","tag-eglise-universelle","tag-marie","tag-st-joseph","tag-ste-famille"],"_links":{"self":[{"href":"https:\/\/www.associationdemarie.org\/blog\/wp-json\/wp\/v2\/posts\/9098","targetHints":{"allow":["GET"]}}],"collection":[{"href":"https:\/\/www.associationdemarie.org\/blog\/wp-json\/wp\/v2\/posts"}],"about":[{"href":"https:\/\/www.associationdemarie.org\/blog\/wp-json\/wp\/v2\/types\/post"}],"author":[{"embeddable":true,"href":"https:\/\/www.associationdemarie.org\/blog\/wp-json\/wp\/v2\/users\/2"}],"replies":[{"embeddable":true,"href":"https:\/\/www.associationdemarie.org\/blog\/wp-json\/wp\/v2\/comments?post=9098"}],"version-history":[{"count":1,"href":"https:\/\/www.associationdemarie.org\/blog\/wp-json\/wp\/v2\/posts\/9098\/revisions"}],"predecessor-version":[{"id":9100,"href":"https:\/\/www.associationdemarie.org\/blog\/wp-json\/wp\/v2\/posts\/9098\/revisions\/9100"}],"wp:attachment":[{"href":"https:\/\/www.associationdemarie.org\/blog\/wp-json\/wp\/v2\/media?parent=9098"}],"wp:term":[{"taxonomy":"category","embeddable":true,"href":"https:\/\/www.associationdemarie.org\/blog\/wp-json\/wp\/v2\/categories?post=9098"},{"taxonomy":"post_tag","embeddable":true,"href":"https:\/\/www.associationdemarie.org\/blog\/wp-json\/wp\/v2\/tags?post=9098"}],"curies":[{"name":"wp","href":"https:\/\/api.w.org\/{rel}","templated":true}]}}